{"id":1043,"date":"2014-12-08T15:18:31","date_gmt":"2014-12-08T15:18:31","guid":{"rendered":"http:\/\/nepalplus.com\/french\/?p=1043"},"modified":"2014-12-27T16:50:24","modified_gmt":"2014-12-27T16:50:24","slug":"en-image-sakela-la-danse-de-la-communaute-kirat","status":"publish","type":"post","link":"https:\/\/nepalplus.com\/french\/content\/1043.html","title":{"rendered":"En image : SAKELA-la danse de la communaut\u00e9 kirat"},"content":{"rendered":"<p><a href=\"http:\/\/nepalplus.com\/french\/wp-content\/uploads\/2014\/12\/sakela.jpg\"><img decoding=\"async\" loading=\"lazy\" class=\"aligncenter size-full wp-image-1044\" src=\"http:\/\/nepalplus.com\/french\/wp-content\/uploads\/2014\/12\/sakela.jpg\" alt=\"sakela\" width=\"448\" height=\"286\" srcset=\"https:\/\/nepalplus.com\/french\/wp-content\/uploads\/2014\/12\/sakela.jpg 960w, https:\/\/nepalplus.com\/french\/wp-content\/uploads\/2014\/12\/sakela-300x191.jpg 300w, https:\/\/nepalplus.com\/french\/wp-content\/uploads\/2014\/12\/sakela-170x108.jpg 170w\" sizes=\"(max-width: 448px) 100vw, 448px\" \/><\/a><\/p>\n<p>(photo&#8211;Pratap Thapa)<\/p>\n<p>Les femmes dansent &#8220;Sakela&#8221; pour c\u00e9l\u00e9brer festival Udhauli \u00e0 Katmandou, au N\u00e9pal.<!--more--><\/p>\n<p><a href=\"http:\/\/nepalplus.com\/french\/wp-content\/uploads\/2014\/12\/ubhauli.jpg\"><img decoding=\"async\" loading=\"lazy\" class=\"aligncenter size-full wp-image-1046\" src=\"http:\/\/nepalplus.com\/french\/wp-content\/uploads\/2014\/12\/ubhauli.jpg\" alt=\"ubhauli\" width=\"448\" height=\"298\" srcset=\"https:\/\/nepalplus.com\/french\/wp-content\/uploads\/2014\/12\/ubhauli.jpg 960w, https:\/\/nepalplus.com\/french\/wp-content\/uploads\/2014\/12\/ubhauli-300x200.jpg 300w, https:\/\/nepalplus.com\/french\/wp-content\/uploads\/2014\/12\/ubhauli-170x113.jpg 170w\" sizes=\"(max-width: 448px) 100vw, 448px\" \/><\/a><\/p>\n<p>(photo- suraj Ghale Tamu)<\/p>\n<p>Udhauli est la f\u00eate annuelle c\u00e9l\u00e9br\u00e9e par la communaut\u00e9 Kirat de l&#8217;est du N\u00e9pal marquant la migration des animaux et des oiseaux de basse altitude vers des r\u00e9gions plus chaudes l&#8217;hiver frappe leur patrie. (Pratap Thapa)<\/p>\n<p>Le 27 d\u00e9cembre, ils vont c\u00e9l\u00e9brer la f\u00eate Udhauli publiquement au Tudikhel (\u00e0 300 mettre de RANIPOKHARI) \u00e0 Katmandou. Si vous \u00eates int\u00e9ress\u00e9, vous pouvez \u00e9galement y participer .<\/p>\n<p><a href=\"http:\/\/nepalplus.com\/french\/wp-content\/uploads\/2014\/12\/sakela-jhapa.jpg\"><img decoding=\"async\" loading=\"lazy\" class=\"aligncenter size-full wp-image-1047\" src=\"http:\/\/nepalplus.com\/french\/wp-content\/uploads\/2014\/12\/sakela-jhapa.jpg\" alt=\"sakela-jhapa\" width=\"448\" height=\"268\" srcset=\"https:\/\/nepalplus.com\/french\/wp-content\/uploads\/2014\/12\/sakela-jhapa.jpg 870w, https:\/\/nepalplus.com\/french\/wp-content\/uploads\/2014\/12\/sakela-jhapa-300x180.jpg 300w, https:\/\/nepalplus.com\/french\/wp-content\/uploads\/2014\/12\/sakela-jhapa-170x102.jpg 170w\" sizes=\"(max-width: 448px) 100vw, 448px\" \/><\/a><\/p>\n<p><a href=\"http:\/\/nepalplus.com\/french\/wp-content\/uploads\/2014\/12\/sakela-jhapa-1-890x395_c.jpg\"><img decoding=\"async\" loading=\"lazy\" class=\"aligncenter size-full wp-image-1048\" src=\"http:\/\/nepalplus.com\/french\/wp-content\/uploads\/2014\/12\/sakela-jhapa-1-890x395_c.jpg\" alt=\"sakela-jhapa-1-890x395_c\" width=\"448\" height=\"198\" srcset=\"https:\/\/nepalplus.com\/french\/wp-content\/uploads\/2014\/12\/sakela-jhapa-1-890x395_c.jpg 890w, https:\/\/nepalplus.com\/french\/wp-content\/uploads\/2014\/12\/sakela-jhapa-1-890x395_c-300x133.jpg 300w, https:\/\/nepalplus.com\/french\/wp-content\/uploads\/2014\/12\/sakela-jhapa-1-890x395_c-170x75.jpg 170w\" sizes=\"(max-width: 448px) 100vw, 448px\" \/><\/a><\/p>\n<p><a href=\"http:\/\/nepalplus.com\/french\/wp-content\/uploads\/2014\/12\/sakela-jhapa3.jpg\"><img decoding=\"async\" loading=\"lazy\" class=\"aligncenter size-full wp-image-1049\" src=\"http:\/\/nepalplus.com\/french\/wp-content\/uploads\/2014\/12\/sakela-jhapa3.jpg\" alt=\"sakela-jhapa3\" width=\"448\" height=\"268\" srcset=\"https:\/\/nepalplus.com\/french\/wp-content\/uploads\/2014\/12\/sakela-jhapa3.jpg 870w, https:\/\/nepalplus.com\/french\/wp-content\/uploads\/2014\/12\/sakela-jhapa3-300x180.jpg 300w, https:\/\/nepalplus.com\/french\/wp-content\/uploads\/2014\/12\/sakela-jhapa3-170x102.jpg 170w\" sizes=\"(max-width: 448px) 100vw, 448px\" \/><\/a><\/p>\n<p><a href=\"http:\/\/nepalplus.com\/french\/wp-content\/uploads\/2014\/12\/sakela-jhapa4.jpg\"><img decoding=\"async\" loading=\"lazy\" class=\"aligncenter size-full wp-image-1050\" src=\"http:\/\/nepalplus.com\/french\/wp-content\/uploads\/2014\/12\/sakela-jhapa4.jpg\" alt=\"sakela-jhapa4\" width=\"448\" height=\"268\" srcset=\"https:\/\/nepalplus.com\/french\/wp-content\/uploads\/2014\/12\/sakela-jhapa4.jpg 870w, https:\/\/nepalplus.com\/french\/wp-content\/uploads\/2014\/12\/sakela-jhapa4-300x180.jpg 300w, https:\/\/nepalplus.com\/french\/wp-content\/uploads\/2014\/12\/sakela-jhapa4-170x102.jpg 170w\" sizes=\"(max-width: 448px) 100vw, 448px\" \/><\/a><\/p>\n<p>(photos-Esamata.com)<\/p>\n<p><span style=\"color: #ff0000;\"><strong>Trouvez nous sur le Face Book<\/strong><\/span><\/p>\n<p>https:\/\/www.facebook.com\/nepalplusenfr<\/p>\n","protected":false},"excerpt":{"rendered":"<p>(photo&#8211;Pratap Thapa) Les femmes dansent &#8220;Sakela&#8221; pour c\u00e9l\u00e9brer festival Udhauli \u00e0 Katmandou, au N\u00e9pal.<\/p>\n","protected":false},"author":4,"featured_media":0,"comment_status":"open","ping_status":"open","sticky":false,"template":"","format":"standard","meta":[],"categories":[5],"tags":[],"_links":{"self":[{"href":"https:\/\/nepalplus.com\/french\/wp-json\/wp\/v2\/posts\/1043"}],"collection":[{"href":"https:\/\/nepalplus.com\/french\/wp-json\/wp\/v2\/posts"}],"about":[{"href":"https:\/\/nepalplus.com\/french\/wp-json\/wp\/v2\/types\/post"}],"author":[{"embeddable":true,"href":"https:\/\/nepalplus.com\/french\/wp-json\/wp\/v2\/users\/4"}],"replies":[{"embeddable":true,"href":"https:\/\/nepalplus.com\/french\/wp-json\/wp\/v2\/comments?post=1043"}],"version-history":[{"count":4,"href":"https:\/\/nepalplus.com\/french\/wp-json\/wp\/v2\/posts\/1043\/revisions"}],"predecessor-version":[{"id":1162,"href":"https:\/\/nepalplus.com\/french\/wp-json\/wp\/v2\/posts\/1043\/revisions\/1162"}],"wp:attachment":[{"href":"https:\/\/nepalplus.com\/french\/wp-json\/wp\/v2\/media?parent=1043"}],"wp:term":[{"taxonomy":"category","embeddable":true,"href":"https:\/\/nepalplus.com\/french\/wp-json\/wp\/v2\/categories?post=1043"},{"taxonomy":"post_tag","embeddable":true,"href":"https:\/\/nepalplus.com\/french\/wp-json\/wp\/v2\/tags?post=1043"}],"curies":[{"name":"wp","href":"https:\/\/api.w.org\/{rel}","templated":true}]}}