{"id":1134,"date":"2014-07-13T15:05:09","date_gmt":"2014-07-13T15:05:09","guid":{"rendered":"http:\/\/nepalplus.com\/french\/?p=1134"},"modified":"2014-12-25T15:10:24","modified_gmt":"2014-12-25T15:10:24","slug":"sherpas-sur-le-cervin-zermatt-doit-oublier","status":"publish","type":"post","link":"https:\/\/nepalplus.com\/french\/content\/1134.html","title":{"rendered":"Sherpas sur le Cervin? Zermatt doit oublier"},"content":{"rendered":"<h3>La commune valaisanne voulait engager dix N\u00e9palais pour remettre en \u00e9tat le sentier menant \u00e0 la cabane H\u00f6rnli. Mais l&#8217;Office f\u00e9d\u00e9ral des migrations ne veut rien savoir.<\/h3>\n<p><a href=\"http:\/\/nepalplus.com\/french\/wp-content\/uploads\/2014\/12\/topelement.jpg\"><img decoding=\"async\" loading=\"lazy\" class=\"aligncenter size-full wp-image-1135\" src=\"http:\/\/nepalplus.com\/french\/wp-content\/uploads\/2014\/12\/topelement.jpg\" alt=\"topelement\" width=\"448\" height=\"252\" srcset=\"https:\/\/nepalplus.com\/french\/wp-content\/uploads\/2014\/12\/topelement.jpg 600w, https:\/\/nepalplus.com\/french\/wp-content\/uploads\/2014\/12\/topelement-300x169.jpg 300w, https:\/\/nepalplus.com\/french\/wp-content\/uploads\/2014\/12\/topelement-170x95.jpg 170w\" sizes=\"(max-width: 448px) 100vw, 448px\" \/><\/a><\/p>\n<p>La commune de Zermatt se r\u00e9jouissait de profiter du savoir-faire des sherpas. (photo: AFP)<!--more--><\/p>\n<p>Les repr\u00e9sentants de la commune et du tourisme de Zermatt ont du mal \u00e0 avaler la pilule. Ils avaient comme projet d&#8217;embaucher dix sherpas de la r\u00e9gion de l&#8217;Himalaya et de les faire travailler en Valais pour une dur\u00e9e de deux mois. Le groupe de N\u00e9palais \u00e9tait cens\u00e9 arriver mardi et \u0153uvrer jusqu&#8217;\u00e0 mi-septembre sur le sentier reliant le Lac Noir \u00e0 la cabane H\u00f6rnli, situ\u00e9 \u00e0 3260 m\u00e8tres d&#8217;altitude. Le 150e anniversaire de la premi\u00e8re ascension du Cervin sera c\u00e9l\u00e9br\u00e9 en 2015 et la commune comptait sur le savoir-faire des sherpas pour rendre au fameux chemin ses lettres de noblesse avec ses murs en pierres s\u00e8ches.<\/p>\n<p>Le probl\u00e8me, c&#8217;est que l&#8217;Office f\u00e9d\u00e9ral des migrations (ODM) ne veut rien savoir, explique la <a href=\"http:\/\/www.nzz.ch\/\" target=\"_blank\">\u00abNZZ am Sonntag\u00bb<\/a>. D\u00e9but juillet, il a inform\u00e9 la commune de Zermatt que les conditions pour faire venir les sherpas n&#8217;\u00e9taient pas remplies. Les professionnels de la montagne ont en effet besoin d&#8217;un permis de travail du canton du Valais, car les visas d\u00e9livr\u00e9s pour ce genre de projets sont rares et ne sont accept\u00e9s que si la venue de travailleurs en Suisse s&#8217;inscrit dans le cadre d&#8217;une formation continue qu&#8217;ils n&#8217;auraient pas pu suivre dans leur propre pays. Et finalement, la nation d&#8217;origine des travailleurs doit avoir quelque chose \u00e0 gagner dans la mission en question. Ce qui n&#8217;est pas le cas ici, a estim\u00e9 l&#8217;ODM.<\/p>\n<p><b>Incompr\u00e9hension \u00e0 Zermatt<\/b><\/p>\n<p>La commune valaisanne n&#8217;y comprend rien. D&#8217;autant plus qu&#8217;elle avait re\u00e7u un signal positif de la part de la Direction du d\u00e9veloppement et de la coop\u00e9ration (DDC), qui a d\u00e9pens\u00e9 38 millions de francs l&#8217;an dernier pour des projets au N\u00e9pal. Le pays asiatique avait \u00e9galement appuy\u00e9 les demandes de visa destin\u00e9s au sherpas. Daniel Luggen, directeur de Zermatt Tourisme, rappelle que pendant plusieurs ann\u00e9es, des priv\u00e9s de la station se sont impliqu\u00e9s dans des projets d&#8217;am\u00e9lioration des services de secours en montagne et des soins m\u00e9dicaux au N\u00e9pal. Un renvoi d&#8217;ascenseur aurait donc pu \u00eatre b\u00e9n\u00e9fique aux deux pays, estime-t-il.<\/p>\n<p>Romy Biner-Hauser, elle, ne cache pas son amertume: \u00abIls nous auraient appris quelque chose, ils auraient \u00e9t\u00e9 bien pay\u00e9s et cela sans prendre le travail de quelqu&#8217;un d&#8217;autre. Ils auraient pu vivre une exp\u00e9rience incroyable\u00bb, regrette la vice-pr\u00e9sidente de la commune. Mme Biner-Hauser n&#8217;a pas encore dit son dernier mot et compte demander lundi de l&#8217;aide \u00e0 Jean-Michel Cina, chef du D\u00e9partement de l&#8217;\u00e9conomie du canton du Valais.<\/p>\n<p>La r\u00e9novation du sentier menant \u00e0 la cabane H\u00f6rnli devrait par cons\u00e9quent prendre du retard, craint le pr\u00e9sident de la station, Daniel Luggen. Il esp\u00e8re que les travaux pourront \u00eatre termin\u00e9s \u00e0 temps pour les festivit\u00e9s de 2015. Une entreprise valaisanne pourrait \u00eatre mandat\u00e9e pour cette mission, \u00e0 moins que Zermatt ne retente sa chance avec les sherpas l&#8217;ann\u00e9e prochaine. De mani\u00e8re officielle ou non.<\/p>\n<p>source-\u00a0http:\/\/www.20min.ch<\/p>\n","protected":false},"excerpt":{"rendered":"<p>La commune valaisanne voulait engager dix N\u00e9palais pour remettre en \u00e9tat le sentier menant \u00e0 la cabane H\u00f6rnli. Mais l&#8217;Office f\u00e9d\u00e9ral des migrations ne veut rien savoir. La commune de Zermatt se r\u00e9jouissait de profiter du savoir-faire des sherpas. (photo: AFP)<\/p>\n","protected":false},"author":4,"featured_media":0,"comment_status":"open","ping_status":"open","sticky":false,"template":"","format":"standard","meta":[],"categories":[22,13],"tags":[],"_links":{"self":[{"href":"https:\/\/nepalplus.com\/french\/wp-json\/wp\/v2\/posts\/1134"}],"collection":[{"href":"https:\/\/nepalplus.com\/french\/wp-json\/wp\/v2\/posts"}],"about":[{"href":"https:\/\/nepalplus.com\/french\/wp-json\/wp\/v2\/types\/post"}],"author":[{"embeddable":true,"href":"https:\/\/nepalplus.com\/french\/wp-json\/wp\/v2\/users\/4"}],"replies":[{"embeddable":true,"href":"https:\/\/nepalplus.com\/french\/wp-json\/wp\/v2\/comments?post=1134"}],"version-history":[{"count":2,"href":"https:\/\/nepalplus.com\/french\/wp-json\/wp\/v2\/posts\/1134\/revisions"}],"predecessor-version":[{"id":1137,"href":"https:\/\/nepalplus.com\/french\/wp-json\/wp\/v2\/posts\/1134\/revisions\/1137"}],"wp:attachment":[{"href":"https:\/\/nepalplus.com\/french\/wp-json\/wp\/v2\/media?parent=1134"}],"wp:term":[{"taxonomy":"category","embeddable":true,"href":"https:\/\/nepalplus.com\/french\/wp-json\/wp\/v2\/categories?post=1134"},{"taxonomy":"post_tag","embeddable":true,"href":"https:\/\/nepalplus.com\/french\/wp-json\/wp\/v2\/tags?post=1134"}],"curies":[{"name":"wp","href":"https:\/\/api.w.org\/{rel}","templated":true}]}}