{"id":1463,"date":"2015-03-19T07:26:56","date_gmt":"2015-03-19T07:26:56","guid":{"rendered":"http:\/\/nepalplus.com\/french\/?p=1463"},"modified":"2015-03-19T07:26:56","modified_gmt":"2015-03-19T07:26:56","slug":"des-chercheurs-francais-partent-a-lassaut-du-manaslu-au-nepal-pour-etudier-les-effets-de-laltitude","status":"publish","type":"post","link":"https:\/\/nepalplus.com\/french\/content\/1463.html","title":{"rendered":"Des chercheurs fran\u00e7ais partent \u00e0 l\u2019assaut du Manaslu, au N\u00e9pal, pour \u00e9tudier les effets de l\u2019altitude"},"content":{"rendered":"<ul>\n<li><strong> Sophie Martos<\/strong><\/li>\n<\/ul>\n<p><a href=\"http:\/\/nepalplus.com\/french\/wp-content\/uploads\/2015\/03\/595917_IMG_150298_HR.jpg\"><img decoding=\"async\" loading=\"lazy\" class=\"aligncenter  wp-image-1464\" src=\"http:\/\/nepalplus.com\/french\/wp-content\/uploads\/2015\/03\/595917_IMG_150298_HR.jpg\" alt=\"595917_IMG_150298_HR\" width=\"634\" height=\"417\" srcset=\"https:\/\/nepalplus.com\/french\/wp-content\/uploads\/2015\/03\/595917_IMG_150298_HR.jpg 470w, https:\/\/nepalplus.com\/french\/wp-content\/uploads\/2015\/03\/595917_IMG_150298_HR-300x198.jpg 300w, https:\/\/nepalplus.com\/french\/wp-content\/uploads\/2015\/03\/595917_IMG_150298_HR-170x112.jpg 170w\" sizes=\"(max-width: 634px) 100vw, 634px\" \/><\/a><\/p>\n<p>Les chercheurs de l\u2019INSERM sont sur le pied de guerre, J-3 avant le d\u00e9but de l\u2019exp\u00e9dition vers Manaslu, l\u2019un des sommets du N\u00e9pal, culminant \u00e0 8\u00a0156\u00a0m d\u2019altitude. Accompagn\u00e9s de quatre autres \u00e9quipes scientifiques internationales (anglaises, am\u00e9ricaine et australienne) et d\u2019une cinquantaine de \u00ab\u00a0trekkeurs\u00a0\u00bb volontaires, les chercheurs s\u2019appr\u00eatent \u00e0 arpenter Manaslu afin d\u2019\u00e9tudier pendant cinq semaines les facteurs pr\u00e9dictifs de la tol\u00e9rance \u00e0 l\u2019altitude, les m\u00e9canismes sous-jacents aux difficult\u00e9s d\u2019adaptation et d\u2019acclimatation \u00e0 la haute altitude. Ils testeront \u00e9galement l\u2019int\u00e9r\u00eat d\u2019un masque sp\u00e9cifique d\u2019am\u00e9lioration de l\u2019oxyg\u00e9nation.<!--more--><br \/>\nBien connu des alpinistes, le mal aigu des montagnes survient lorsque l\u2019ascension est trop brutale et que les individus ne s\u2019acclimatent pas ou peu aux conditions environnementales. Des difficult\u00e9s d\u2019adaptation comme les maux de t\u00eate, naus\u00e9es ou forte fatigue r\u00e9sultant d\u2019une diminution de la disponibilit\u00e9 de l\u2019oxyg\u00e8ne peuvent stopper le p\u00e9riple des trekkeurs. Dans des conditions extr\u00eames, des \u0153d\u00e8mes pulmonaires et c\u00e9r\u00e9braux peuvent \u00eatre fatals. Mais pourquoi certaines personnes sont plus susceptibles que d\u2019autres\u00a0? C\u2019est \u00e0 cette question que vont tenter de r\u00e9pondre les scientifiques.<br \/>\n<strong>Des participants au profil vari\u00e9<\/strong><br \/>\nAvant le d\u00e9part, les participants volontaires au trek, \u00e2g\u00e9s de 22 \u00e0 65 ans, de condition physique et d\u2019exp\u00e9riences diff\u00e9rentes, se sont pr\u00eat\u00e9s du 16 au 23\u00a0f\u00e9vrier\u00a02015 \u00e0 une batterie de tests m\u00e9dicaux \u00e0 Bangor University, au Pays de Galles\u00a0: mesure du liquide extravasculaire pulmonaire par \u00e9chographie pleuropulmonaire, perfusion c\u00e9r\u00e9brale par Doppler transcr\u00e2nien, oxyg\u00e9nation c\u00e9r\u00e9brale par spectroscopie et fonction cardiaque par \u00e9chographie (avant et pendant une ventilation sous pression expiratoire positive) ont \u00e9t\u00e9 r\u00e9alis\u00e9es en laboratoire. Ces mesures seront reconduites en haute altitude puis compar\u00e9es aux premi\u00e8res, effectu\u00e9es en plaine.\u00a0\u00ab\u00a0Notre id\u00e9e est de v\u00e9rifier ce qu\u2019on a fait en labo, sur le terrain\u00a0\u00bb, explique Samuel Verg\u00e8s, charg\u00e9 de recherche \u00e0 l\u2019INSERM au laboratoire \u00ab\u00a0Hypoxie physiopathologie\u00a0\u00bb, le coordinateur de l\u2019exp\u00e9dition cot\u00e9 fran\u00e7ais. Une \u00e9quipe pluridisciplinaire compos\u00e9e de chercheurs et de 6\u00a0m\u00e9decins exp\u00e9riment\u00e9s, sp\u00e9cialistes de la haute altitude, installera le laboratoire \u00e0 pr\u00e8s de 5\u00a0000\u00a0m. Cinq groupes de 10\u00a0personnes partiront d\u00e8s mardi de Katmandou avec un jour d\u2019intervalle pour \u00e9tayer les mesures.\u00a0\u00ab\u00a0On a pr\u00e9vu d\u2019effectuer 400 \u00e0 500\u00a0m par jour sur 10 jours. Il y aura des pauses si le sujet ne peut pas suivre\u00a0\u00bb, poursuit-il. Les trekkeurs resteront une dizaine de jours avant de repartir vers la capitale.<br \/>\n<strong>Essai d\u2019un nouveau masque<\/strong><br \/>\nL\u2019\u00e9quipe fran\u00e7aise souhaite \u00e9valuer les effets d\u2019un masque \u00e0 r\u00e9sistance expiratoire sur l\u2019oxyg\u00e9nation art\u00e9rielle et tissulaire sur les fuites extravasculaires pulmonaires ainsi que sur les sympt\u00f4mes de mal des montagnes en conditions r\u00e9elles.\u00a0\u00ab\u00a0L\u2019effet d\u2019un masque en haute altitude permet d\u2019augmenter la quantit\u00e9 d\u2019oxyg\u00e8ne dans l\u2019organisme. On induit une surpression intrathoracique qui am\u00e9liore les \u00e9changes gazeux. \u00c0 terme, le masque pourrait \u00eatre un sc\u00e9nario int\u00e9ressant\u00a0\u00bb, souligne Samuel Verg\u00e8s. Les alt\u00e9rations c\u00e9r\u00e9brales et cardiaques seront \u00e9galement \u00e9tudi\u00e9es et leur r\u00e9versibilit\u00e9 examin\u00e9e gr\u00e2ce au port du masque.\u00a0\u00ab\u00a0Des \u00e9tudes ant\u00e9rieures ont d\u00e9montr\u00e9 que l\u2019hypoxie aigu\u00eb entra\u00eene une alt\u00e9ration des propri\u00e9t\u00e9s de relaxation du myocarde. Une diminution des propri\u00e9t\u00e9s contractiles des cardiomyocytes pourrait \u00eatre responsable de ce ph\u00e9nom\u00e8ne sans que des preuves objectives n\u2019aient \u00e9t\u00e9 encore obtenues\u00a0\u00bb, notent les chercheurs de l\u2019INSERM.<br \/>\n<strong>Les apn\u00e9es centrales du sommeil \u00e9galement scrut\u00e9es<\/strong><br \/>\nUn second projet sur l\u2019alt\u00e9ration du sommeil, fr\u00e9quent en haute altitude, sera aussi men\u00e9. D\u00e8s 2\u00a0500\u00a0m d\u2019altitude, des apn\u00e9es centrales du sommeil surviennent chez les trekkeurs.\u00a0\u00ab\u00a0C\u2019est un m\u00e9canisme impressionnant, indique Samuel Vergues,\u00a0mais le plus int\u00e9ressant, c\u2019est qu\u2019on ne sait pas si ces apn\u00e9es sont un marqueur d\u2019une mauvaise ou d\u2019une bonne adaptation de l\u2019organisme \u00e0 la haute altitude.\u00a0\u00bb\u00a0L\u2019\u00e9quipe pr\u00e9voit de comparer les modifications du sommeil per\u00e7ues chez les participants s\u2019adaptant bien \u00e0 l\u2019altitude \u00e0 ceux pr\u00e9sentant des sympt\u00f4mes du mal aigu des montagnes. Les premiers r\u00e9sultats des analyses seront disponibles six mois apr\u00e8s le retour des chercheurs, annonc\u00e9 le 26\u00a0avril prochain.<\/p>\n<p>Source-\u00a0http:\/\/www.lequotidiendumedecin.fr<\/p>\n","protected":false},"excerpt":{"rendered":"<p>Sophie Martos Les chercheurs de l\u2019INSERM sont sur le pied de guerre, J-3 avant le d\u00e9but de l\u2019exp\u00e9dition vers Manaslu, l\u2019un des sommets du N\u00e9pal, culminant \u00e0 8\u00a0156\u00a0m d\u2019altitude. Accompagn\u00e9s de quatre autres \u00e9quipes scientifiques internationales (anglaises, am\u00e9ricaine et australienne) et d\u2019une cinquantaine de \u00ab\u00a0trekkeurs\u00a0\u00bb volontaires, les chercheurs s\u2019appr\u00eatent \u00e0 arpenter Manaslu afin d\u2019\u00e9tudier pendant [&hellip;]<\/p>\n","protected":false},"author":4,"featured_media":0,"comment_status":"open","ping_status":"open","sticky":false,"template":"","format":"standard","meta":[],"categories":[22,7],"tags":[],"_links":{"self":[{"href":"https:\/\/nepalplus.com\/french\/wp-json\/wp\/v2\/posts\/1463"}],"collection":[{"href":"https:\/\/nepalplus.com\/french\/wp-json\/wp\/v2\/posts"}],"about":[{"href":"https:\/\/nepalplus.com\/french\/wp-json\/wp\/v2\/types\/post"}],"author":[{"embeddable":true,"href":"https:\/\/nepalplus.com\/french\/wp-json\/wp\/v2\/users\/4"}],"replies":[{"embeddable":true,"href":"https:\/\/nepalplus.com\/french\/wp-json\/wp\/v2\/comments?post=1463"}],"version-history":[{"count":3,"href":"https:\/\/nepalplus.com\/french\/wp-json\/wp\/v2\/posts\/1463\/revisions"}],"predecessor-version":[{"id":1467,"href":"https:\/\/nepalplus.com\/french\/wp-json\/wp\/v2\/posts\/1463\/revisions\/1467"}],"wp:attachment":[{"href":"https:\/\/nepalplus.com\/french\/wp-json\/wp\/v2\/media?parent=1463"}],"wp:term":[{"taxonomy":"category","embeddable":true,"href":"https:\/\/nepalplus.com\/french\/wp-json\/wp\/v2\/categories?post=1463"},{"taxonomy":"post_tag","embeddable":true,"href":"https:\/\/nepalplus.com\/french\/wp-json\/wp\/v2\/tags?post=1463"}],"curies":[{"name":"wp","href":"https:\/\/api.w.org\/{rel}","templated":true}]}}