{"id":151,"date":"2014-07-14T11:11:20","date_gmt":"2014-07-14T11:11:20","guid":{"rendered":"http:\/\/nepalplus.com\/french\/?p=151"},"modified":"2014-07-17T15:27:03","modified_gmt":"2014-07-17T15:27:03","slug":"escalade-sur-sommet-de-leverest-dans-un-helicoptere-video","status":"publish","type":"post","link":"https:\/\/nepalplus.com\/french\/content\/151.html","title":{"rendered":"Escalade sur sommet de l&#8217;Everest dans un h\u00e9licopt\u00e8re (vid\u00e9o)"},"content":{"rendered":"<div class=\"embed\"><iframe loading=\"lazy\" width=\"500\" height=\"281\" src=\"http:\/\/www.youtube.com\/embed\/bjCdOGZ7THE?feature=oembed\" frameborder=\"0\" allowfullscreen><\/iframe><\/div>\n","protected":false},"excerpt":{"rendered":"","protected":false},"author":4,"featured_media":0,"comment_status":"open","ping_status":"open","sticky":false,"template":"","format":"standard","meta":[],"categories":[19],"tags":[],"_links":{"self":[{"href":"https:\/\/nepalplus.com\/french\/wp-json\/wp\/v2\/posts\/151"}],"collection":[{"href":"https:\/\/nepalplus.com\/french\/wp-json\/wp\/v2\/posts"}],"about":[{"href":"https:\/\/nepalplus.com\/french\/wp-json\/wp\/v2\/types\/post"}],"author":[{"embeddable":true,"href":"https:\/\/nepalplus.com\/french\/wp-json\/wp\/v2\/users\/4"}],"replies":[{"embeddable":true,"href":"https:\/\/nepalplus.com\/french\/wp-json\/wp\/v2\/comments?post=151"}],"version-history":[{"count":10,"href":"https:\/\/nepalplus.com\/french\/wp-json\/wp\/v2\/posts\/151\/revisions"}],"predecessor-version":[{"id":203,"href":"https:\/\/nepalplus.com\/french\/wp-json\/wp\/v2\/posts\/151\/revisions\/203"}],"wp:attachment":[{"href":"https:\/\/nepalplus.com\/french\/wp-json\/wp\/v2\/media?parent=151"}],"wp:term":[{"taxonomy":"category","embeddable":true,"href":"https:\/\/nepalplus.com\/french\/wp-json\/wp\/v2\/categories?post=151"},{"taxonomy":"post_tag","embeddable":true,"href":"https:\/\/nepalplus.com\/french\/wp-json\/wp\/v2\/tags?post=151"}],"curies":[{"name":"wp","href":"https:\/\/api.w.org\/{rel}","templated":true}]}}