{"id":2189,"date":"2015-04-26T20:32:59","date_gmt":"2015-04-26T20:32:59","guid":{"rendered":"http:\/\/nepalplus.com\/french\/?p=2189"},"modified":"2015-04-26T20:33:11","modified_gmt":"2015-04-26T20:33:11","slug":"premiere-reportage-authentique-de-leverest-seisme-avalanche-emerge","status":"publish","type":"post","link":"https:\/\/nepalplus.com\/french\/content\/2189.html","title":{"rendered":"Premi\u00e8re reportage authentique de l&#8217;Everest S\u00e9isme Avalanche \u00e9merge"},"content":{"rendered":"<p>Deux alpinistes allemands capturent la sc\u00e8ne horrible au camp de base tel qu&#8217;il se d\u00e9roule<br \/>\nPar: Grayson Schaffer 26 avril 2015<\/p>\n<div class=\"embed\"><iframe loading=\"lazy\" width=\"500\" height=\"281\" src=\"https:\/\/www.youtube.com\/embed\/_JC_wIWUC2U?feature=oembed\" frameborder=\"0\" allowfullscreen><\/iframe><\/div>\n<p><!--more--><\/p>\n","protected":false},"excerpt":{"rendered":"<p>Deux alpinistes allemands capturent la sc\u00e8ne horrible au camp de base tel qu&#8217;il se d\u00e9roule Par: Grayson Schaffer 26 avril 2015<\/p>\n","protected":false},"author":4,"featured_media":0,"comment_status":"open","ping_status":"open","sticky":false,"template":"","format":"standard","meta":[],"categories":[19],"tags":[],"_links":{"self":[{"href":"https:\/\/nepalplus.com\/french\/wp-json\/wp\/v2\/posts\/2189"}],"collection":[{"href":"https:\/\/nepalplus.com\/french\/wp-json\/wp\/v2\/posts"}],"about":[{"href":"https:\/\/nepalplus.com\/french\/wp-json\/wp\/v2\/types\/post"}],"author":[{"embeddable":true,"href":"https:\/\/nepalplus.com\/french\/wp-json\/wp\/v2\/users\/4"}],"replies":[{"embeddable":true,"href":"https:\/\/nepalplus.com\/french\/wp-json\/wp\/v2\/comments?post=2189"}],"version-history":[{"count":2,"href":"https:\/\/nepalplus.com\/french\/wp-json\/wp\/v2\/posts\/2189\/revisions"}],"predecessor-version":[{"id":2191,"href":"https:\/\/nepalplus.com\/french\/wp-json\/wp\/v2\/posts\/2189\/revisions\/2191"}],"wp:attachment":[{"href":"https:\/\/nepalplus.com\/french\/wp-json\/wp\/v2\/media?parent=2189"}],"wp:term":[{"taxonomy":"category","embeddable":true,"href":"https:\/\/nepalplus.com\/french\/wp-json\/wp\/v2\/categories?post=2189"},{"taxonomy":"post_tag","embeddable":true,"href":"https:\/\/nepalplus.com\/french\/wp-json\/wp\/v2\/tags?post=2189"}],"curies":[{"name":"wp","href":"https:\/\/api.w.org\/{rel}","templated":true}]}}