{"id":24,"date":"2014-07-12T10:24:55","date_gmt":"2014-07-12T10:24:55","guid":{"rendered":"http:\/\/nepalplus.com\/french\/?p=24"},"modified":"2014-07-18T14:10:21","modified_gmt":"2014-07-18T14:10:21","slug":"sherpas-ces-heros-a-l%e2%80%99ombre-de-l%e2%80%99everest","status":"publish","type":"post","link":"https:\/\/nepalplus.com\/french\/content\/24.html","title":{"rendered":"Sherpas, ces h\u00e9ros \u00e0 l\u2019ombre de l\u2019Everest"},"content":{"rendered":"<p><a title=\"Tous les articles par Jeremy\" href=\"http:\/\/captainyvon.fr\/author\/captainjerem\/\">\u25cf Jeremy<\/a><\/p>\n<p><a href=\"http:\/\/nepalplus.com\/french\/wp-content\/uploads\/2014\/07\/coverFOCUSsherpa.jpg\"><img decoding=\"async\" loading=\"lazy\" class=\"aligncenter size-full wp-image-25\" title=\"coverFOCUSsherpa\" src=\"http:\/\/nepalplus.com\/french\/wp-content\/uploads\/2014\/07\/coverFOCUSsherpa.jpg\" alt=\"\" width=\"683\" height=\"383\" srcset=\"https:\/\/nepalplus.com\/french\/wp-content\/uploads\/2014\/07\/coverFOCUSsherpa.jpg 1024w, https:\/\/nepalplus.com\/french\/wp-content\/uploads\/2014\/07\/coverFOCUSsherpa-300x168.jpg 300w, https:\/\/nepalplus.com\/french\/wp-content\/uploads\/2014\/07\/coverFOCUSsherpa-170x95.jpg 170w\" sizes=\"(max-width: 683px) 100vw, 683px\" \/><\/a><\/p>\n<p>Au coeur de l\u2019Himalaya, \u00e0 la fronti\u00e8re entre le N\u00e9pal et le Tibet, \u00e0 pr\u00e8s de 8848 m d\u2019altitude se hisse la demeure des Dieux : l\u2019Everest.\u00a0C\u2019est dans cette r\u00e9gion de tr\u00e8s haute montagne, avant d\u2019\u00eatre des figures embl\u00e9matiques et\u00a0incontournables de l\u2019alpinisme himalayen, que ce peuple n\u00e9palais d\u2019origine tib\u00e9taine trouve ses racines.\u00a0<em>Shar<\/em>signifiant \u00ab\u00a0Est\u00a0\u00bb et\u00a0<em>Pa <\/em>le \u00ab\u00a0peuple\u00a0\u00bb, le mot\u00a0<em>Sherpa <\/em>d\u00e9signe avant tout\u00a0un peuple venu de l\u2019Est. Au d\u00e9but du XVI\u00e8me si\u00e8cle, des invasions mongoles m\u00eal\u00e9es \u00e0 des probl\u00e8mes socio-politiques et religieux dans le pays, ont amen\u00e9 le peuple Sherpa \u00e0 s\u2019exiler. Ils quitt\u00e8rent la r\u00e9gion du Kham \u00e0 l\u2019Est du Tibet pour franchir\u00a0l\u2019Himalaya et acc\u00e9der aux r\u00e9gions de l\u2019ouest n\u00e9palais : le\u00a0<em>Lamjura La<\/em> et le\u00a0<em>Nagpa La<\/em>.<!--more--><\/p>\n<p><a href=\"http:\/\/nepalplus.com\/french\/wp-content\/uploads\/2014\/07\/everestflag.jpg\"><img decoding=\"async\" loading=\"lazy\" class=\"aligncenter size-full wp-image-27\" title=\"everestflag\" src=\"http:\/\/nepalplus.com\/french\/wp-content\/uploads\/2014\/07\/everestflag.jpg\" alt=\"\" width=\"623\" height=\"413\" srcset=\"https:\/\/nepalplus.com\/french\/wp-content\/uploads\/2014\/07\/everestflag.jpg 1024w, https:\/\/nepalplus.com\/french\/wp-content\/uploads\/2014\/07\/everestflag-300x199.jpg 300w, https:\/\/nepalplus.com\/french\/wp-content\/uploads\/2014\/07\/everestflag-170x112.jpg 170w\" sizes=\"(max-width: 623px) 100vw, 623px\" \/><\/a><\/p>\n<p>Drapeaux pri\u00e8res Everest \u2013 source : Terbeck \/ Flickr CC<\/p>\n<p>Si de nombreuses familles se sont \u00e9parpill\u00e9es dans diverses r\u00e9gions \u00e0 flanc de montagnes ou plus au sud, les plus grandes communaut\u00e9s Sherpas se sont surtout install\u00e9es dans le Khumbu, au pied de l\u2019Everest et vivaient entre 2 600m et 4 4400m d\u2019altitude. La situation g\u00e9ographique et les difficult\u00e9s climatiques rendant les terres peu cultivables, au XIX\u00e8me si\u00e8cle, une partie de ces Sherpas install\u00e9s au Khumbu migr\u00e8rent plus au sud dans la vall\u00e9e de Phokara et de Katmandu, la capitale n\u00e9palaise. \u00a0C\u2019est \u00e0 cette m\u00eame p\u00e9riode que\u00a0les britanniques ont d\u00e9sign\u00e9 l\u2019Everest comme \u00e9tant le plus haut sommet de la plan\u00e8te.\u00a0La cha\u00eene de l\u2019Himalaya\u00a0s\u2019\u00e9tend sur plus de 2 400km de long et abrite les plus hautes montagnes du mondes, aussi appel\u00e9es \u00ab\u00a0les demeures des Dieux\u00a0\u00bb par le\u00a0peuple\u00a0sherpa, avec pas moins de 14 sommets de plus 8 000m d\u2019altitude.<\/p>\n<p><a href=\"http:\/\/nepalplus.com\/french\/wp-content\/uploads\/2014\/07\/everest1.jpg\"><img decoding=\"async\" loading=\"lazy\" class=\"aligncenter size-full wp-image-29\" title=\"everest1\" src=\"http:\/\/nepalplus.com\/french\/wp-content\/uploads\/2014\/07\/everest1.jpg\" alt=\"\" width=\"602\" height=\"338\" srcset=\"https:\/\/nepalplus.com\/french\/wp-content\/uploads\/2014\/07\/everest1.jpg 1024w, https:\/\/nepalplus.com\/french\/wp-content\/uploads\/2014\/07\/everest1-300x168.jpg 300w, https:\/\/nepalplus.com\/french\/wp-content\/uploads\/2014\/07\/everest1-170x95.jpg 170w\" sizes=\"(max-width: 602px) 100vw, 602px\" \/><\/a><\/p>\n<p>Everest vu du ciel \u2013 source : NASA \/ Flickr CC<\/p>\n<p>Apr\u00e8s plusieurs tentatives \u00e9chou\u00e9es dans les ann\u00e9es 1920, c\u2019est finalement en 1953 que l\u2019Everest est gravi pour la premi\u00e8re fois. Au sommet, on retrouve alors Tenzing Norgay Sherpa (N\u00e9pal) et Sir Edmund Hillary (NZ). Tenzing Norgay est alors le premier homme \u00e0 arriver en haut et dominer l\u2019ensemble de la cha\u00eene de l\u2019Himalaya. Cette grande premi\u00e8re ouvrira, par la suite, la porte au tourisme en permettant l\u2019organisation d\u2019exp\u00e9ditions pour gravir le toit du monde. Cette perspective permet alors de diversifier les m\u00e9tiers des Sherpas, jusqu\u2019alors essentiellement agriculteurs, commer\u00e7ants et \u00e9leveurs. L\u2019arriv\u00e9e de groupes pour partir en exp\u00e9dition dans la montagne\u00a0a permis \u00e0 ces familles d\u2019ouvrir souvent une partie de leur logement pour le proposer comme h\u00e9bergement aux alpinistes venant dans la r\u00e9gion. Lorsque le mari part en montagne, c\u2019est la femme (Sherpani) qui s\u2019occupe de la gestion de la maison et des h\u00f4tes. De plus en plus d\u2019Hommes se sont mis \u00e0 pratiquer la montagne pour rapporter un revenu \u00e0 leur famille. Ils ont d\u00e9velopp\u00e9 des comp\u00e9tences, des forces et une r\u00e9sistance au manque d\u2019oxyg\u00e8ne \u00e0 haute altitude qui en font aujourd\u2019hui les vrais h\u00e9ros de l\u2019Himalaya. Chaque Sherpa souhaitant devenir guide doit suivre un programme d\u2019entra\u00eenement d\u2019une dur\u00e9e de 28 jours avant de pouvoir accompagner des groupes sur les sentiers.\u00a0Compagnons de cord\u00e9es d\u00e9sormais incontournables des exp\u00e9ditions sur l\u2019Everest et les sommets voisins, les Sherpas grimpent, portent, mettent en place les campements, cuisinent et s\u2019assurent de la s\u00e9curit\u00e9 du groupe lors des ascensions et des descentes de sommets. La conqu\u00eate des sommets n\u2019a pourtant jamais \u00e9t\u00e9 une pr\u00e9occupation pour ce peuple avant l\u2019arriv\u00e9e des occidentaux.<\/p>\n<p><a href=\"http:\/\/nepalplus.com\/french\/wp-content\/uploads\/2014\/07\/glaciereverest.jpg\"><img decoding=\"async\" loading=\"lazy\" class=\"aligncenter size-full wp-image-30\" title=\"glaciereverest\" src=\"http:\/\/nepalplus.com\/french\/wp-content\/uploads\/2014\/07\/glaciereverest.jpg\" alt=\"\" width=\"619\" height=\"410\" srcset=\"https:\/\/nepalplus.com\/french\/wp-content\/uploads\/2014\/07\/glaciereverest.jpg 1024w, https:\/\/nepalplus.com\/french\/wp-content\/uploads\/2014\/07\/glaciereverest-300x199.jpg 300w, https:\/\/nepalplus.com\/french\/wp-content\/uploads\/2014\/07\/glaciereverest-170x112.jpg 170w\" sizes=\"(max-width: 619px) 100vw, 619px\" \/><\/a><\/p>\n<p>Glacier autour du camp de base de l\u2019Everest \u2013 source : Terbeck \/ Flickr CC<\/p>\n<p><a href=\"http:\/\/nepalplus.com\/french\/wp-content\/uploads\/2014\/07\/Hillary_and_tenzing.jpg\"><img decoding=\"async\" loading=\"lazy\" class=\"aligncenter size-full wp-image-31\" title=\"Hillary_and_tenzing\" src=\"http:\/\/nepalplus.com\/french\/wp-content\/uploads\/2014\/07\/Hillary_and_tenzing.jpg\" alt=\"\" width=\"608\" height=\"361\" srcset=\"https:\/\/nepalplus.com\/french\/wp-content\/uploads\/2014\/07\/Hillary_and_tenzing-300x178.jpg 300w, https:\/\/nepalplus.com\/french\/wp-content\/uploads\/2014\/07\/Hillary_and_tenzing-170x101.jpg 170w\" sizes=\"(max-width: 608px) 100vw, 608px\" \/><\/a><\/p>\n<p>Tenzing Norgay, Sir Edmund Hillary, source-wikipedia<\/p>\n<p>C\u2019est en 1949, que le gouvernement n\u00e9palais a autoris\u00e9 l\u2019ascension des sommets de l\u2019Himalaya. Depuis, les touristes n\u2019ont jamais cess\u00e9 d\u2019affluer. Le tourisme ayant cru tr\u00e8s fortement\u00a0au cours des derni\u00e8res d\u00e9cennies dans la r\u00e9gion, les sherpas ont vu pousser des hotels, auberges et autres magasins d\u00e9di\u00e9s \u00e0 la pratique de l\u2019alpinisme dans leur r\u00e9gion. Avec la d\u00e9mocratisation de la Haute Montagne et les facilit\u00e9s apport\u00e9es par les tours op\u00e9rateurs pour permettre aux touristes de venir d\u00e9couvrir le Khumbu et gravir les montagnes, les conditions de vie des sherpas se sont consid\u00e9rablement d\u00e9t\u00e9rior\u00e9es. Les Sherpas partant en montagne courraient 12 fois plus de risques\u00a0de mourir qu\u2019un\u00a0d\u00e9ploy\u00e9 militaire dans les forces arm\u00e9es am\u00e9ricaines en Irak au moment des affrontements les plus virulants dans le pays entre 2003 et 2007.<\/p>\n<p><a href=\"http:\/\/nepalplus.com\/french\/wp-content\/uploads\/2014\/07\/sherpa.jpg\"><img decoding=\"async\" loading=\"lazy\" class=\"aligncenter size-full wp-image-32\" title=\"sherpa\" src=\"http:\/\/nepalplus.com\/french\/wp-content\/uploads\/2014\/07\/sherpa.jpg\" alt=\"\" width=\"610\" height=\"404\" srcset=\"https:\/\/nepalplus.com\/french\/wp-content\/uploads\/2014\/07\/sherpa.jpg 1024w, https:\/\/nepalplus.com\/french\/wp-content\/uploads\/2014\/07\/sherpa-300x199.jpg 300w, https:\/\/nepalplus.com\/french\/wp-content\/uploads\/2014\/07\/sherpa-170x112.jpg 170w\" sizes=\"(max-width: 610px) 100vw, 610px\" \/><\/a><\/p>\n<p>Un Sherpa se d\u00e9salt\u00e8re sur les pentes de l\u2019Everest \u2013 Source : Terbeck \/ Flickr CC<\/p>\n<p>Le nombre de trekkeurs crois\u00e9s sur les sentiers a tripl\u00e9 au cours des vingt derni\u00e8res ann\u00e9es. Rien qu\u2019en 2013, 658 personnes ont atteint le sommet de l\u2019Everest. Pour r\u00e9pondre \u00e0 cette forte croissance, les guides Sherpas doivent travailler plus, et donc partir sur plus d\u2019exp\u00e9ditions. Les premi\u00e8res blessures voire m\u00eame d\u00e9c\u00e8s d\u00fbs au surmenage pour les sherpas ont m\u00eame commenc\u00e9 \u00e0 appara\u00eetre. Quand le camp de base est encore endormi, les guides sherpas se l\u00e8vent et transportent l\u2019oxyg\u00e8ne, la nourriture, les vivres et le mat\u00e9riel pour pr\u00e9parer l\u2019ascension au camp se situant au dessus. Ils sont en charge d\u2019installer les \u00e9chelles et les cordes, installer le campement, la cuisine, les toilettes\u2026 avant que les alpinistes n\u2019arrivent. Ils r\u00e9p\u00e8tent l\u2019op\u00e9ration \u00e0 chaque camp, le temps que les alpinistes s\u2019acclimatent.<\/p>\n<p><a href=\"http:\/\/nepalplus.com\/french\/wp-content\/uploads\/2014\/07\/sherpaeverest.jpg\"><img decoding=\"async\" loading=\"lazy\" class=\"aligncenter size-full wp-image-33\" title=\"sherpaeverest\" src=\"http:\/\/nepalplus.com\/french\/wp-content\/uploads\/2014\/07\/sherpaeverest.jpg\" alt=\"\" width=\"582\" height=\"875\" srcset=\"https:\/\/nepalplus.com\/french\/wp-content\/uploads\/2014\/07\/sherpaeverest.jpg 680w, https:\/\/nepalplus.com\/french\/wp-content\/uploads\/2014\/07\/sherpaeverest-199x300.jpg 199w, https:\/\/nepalplus.com\/french\/wp-content\/uploads\/2014\/07\/sherpaeverest-99x150.jpg 99w\" sizes=\"(max-width: 582px) 100vw, 582px\" \/><\/a><\/p>\n<p>Sherpa transportant les marchandises d\u2019un camp \u00e0 un autre \u2013 Source : Terbeck \/ Flickr CC<\/p>\n<p>En avril 2014, l\u2019Everest a connu l\u2019avalanche la plus meurtri\u00e8re de son histoire, enlevant la vie \u00e0 16 sherpas qui installaient les \u00e9chelles pour\u00a0le lancement de la saison d\u2019alpinisme sur les pentes du toit du monde. Les guides sherpas militent activement\u00a0pour une am\u00e9lioration de leur conditions d\u2019exercice de leur m\u00e9tier et une meilleure reconnaissance. Ils ont d\u2019ailleurs d\u00e9cid\u00e9 de ne pas lancer la saison d\u2019alpinisme 2014 pour l\u2019Everest. Les tours op\u00e9rateurs ont tent\u00e9 de faire changer d\u2019avis les sherpas suite \u00e0 la pression impos\u00e9e par les clients qui avaient d\u00e9j\u00e0 engag\u00e9s des frais (parfois jusqu\u2019\u00e0 plus de 60 000$) pour gravir l\u2019Everest. Les sherpas ont refus\u00e9, souhaitant voir leurs conditions de travail s\u2019am\u00e9liorer et ont donc ferm\u00e9 l\u2019acc\u00e8s \u00e0 l\u2019Everest pour la saison 2014.<\/p>\n<p>Les sherpas ont une situation tr\u00e8s pr\u00e9caire puisqu\u2019ils n\u2019ont pas de salaires fixes, ni de vacances ou de pension. Les assurances qui les couvrent varient selon les op\u00e9rateurs qui les embauchent et surtout leur m\u00e9tier et donc la s\u00e9curit\u00e9 de leur famille n\u2019est assur\u00e9 que s\u2019ils sont en forme et \u00e0 m\u00eame de transporter du mat\u00e9riel d\u2019un camp \u00e0 un autre. S\u2019ils sont d\u00e9faillants, ils ne peuvent plus exercer mais n\u2019ont aucune s\u00e9curit\u00e9 de la part du gouvernement le temps d\u2019une \u00e9ventuelle reconversion par exemple. Le gouvernement couvre 10 000$ en cas de d\u00e9c\u00e8s ou jusqu\u2019\u00e0 5 000$ de d\u00e9penses m\u00e9dicales en cas de blessures, ce qui para\u00eet tr\u00e8s peu compte tenu des revenus g\u00e9n\u00e9r\u00e9s par l\u2019Everest et revers\u00e9 directement au gouvernement.\u00a0Le gouvernement touche chaque ann\u00e9e environ 3 millions de dollars des frais de permis pour gravir l\u2019Everest.<\/p>\n<p><a href=\"http:\/\/nepalplus.com\/french\/wp-content\/uploads\/2014\/07\/basecamp.jpg\"><img decoding=\"async\" loading=\"lazy\" class=\"aligncenter size-full wp-image-34\" title=\"basecamp\" src=\"http:\/\/nepalplus.com\/french\/wp-content\/uploads\/2014\/07\/basecamp.jpg\" alt=\"\" width=\"589\" height=\"441\" srcset=\"https:\/\/nepalplus.com\/french\/wp-content\/uploads\/2014\/07\/basecamp.jpg 1024w, https:\/\/nepalplus.com\/french\/wp-content\/uploads\/2014\/07\/basecamp-300x225.jpg 300w, https:\/\/nepalplus.com\/french\/wp-content\/uploads\/2014\/07\/basecamp-170x127.jpg 170w\" sizes=\"(max-width: 589px) 100vw, 589px\" \/><\/a><\/p>\n<p>amp de base de l\u2019Everest \u2013 source : kartlasarn \/ Flickr CC<\/p>\n<p>En 2012, une couche de glace de pr\u00e8s de 275m \u00e0 recouvert une partie\u00a0de l\u2019Everest, cette zone extr\u00eamement dangereuse \u00e9tait suspendue juste au dessus du sentier principal de l\u2019ascension. \u00a0Les sherpas prenaient alors des risques consid\u00e9rables faisant plusieurs fois des allers \/ retours sous cette zone pour installer des camps. Il fallait compter environ 45 minutes pour traverser, comme le cite Russel Brice, directeur de l\u2019une des plus grosse agence d\u2019exp\u00e9dition sur l\u2019Everest, qui a d\u00e9cid\u00e9 de rappeler tous ses guides et clients en mai 2012 face aux risques d\u2019une trop longue exposition dans cette zone. Dans un\u00a0<a href=\"http:\/\/himalayanexperience.com\/expeditions\/everest-south-side\/newsletters\/everest-south-2012\/newsletter-18#sthash.yvsfTmqW.dpbs\" target=\"_blank\">communiqu\u00e9<\/a> publi\u00e9 sur le site le 9 mai 2012, il explique ses raisons et publie un \u00e9tat de la couche de glace. Les temp\u00e9ratures pas assez froides font grandir des crevasses et il y voit des risques d\u2019\u00e9boulement de s\u00e9racs.\u00a0\u00a0L\u2019avalanche meurtri\u00e8re d\u2019avril 2014 sur le flanc ouest de l\u2019Everest est d\u00fb \u00e0 un \u00e9boulement de s\u00e9racs emportant 16 sherpas qui transportaient des mat\u00e9riaux entre le camp de base et le camp 1 et 2.<\/p>\n<p><a href=\"http:\/\/nepalplus.com\/french\/wp-content\/uploads\/2014\/07\/tentessherpas.jpg\"><img decoding=\"async\" loading=\"lazy\" class=\"aligncenter size-full wp-image-35\" title=\"tentessherpas\" src=\"http:\/\/nepalplus.com\/french\/wp-content\/uploads\/2014\/07\/tentessherpas.jpg\" alt=\"\" width=\"586\" height=\"388\" srcset=\"https:\/\/nepalplus.com\/french\/wp-content\/uploads\/2014\/07\/tentessherpas.jpg 1024w, https:\/\/nepalplus.com\/french\/wp-content\/uploads\/2014\/07\/tentessherpas-300x199.jpg 300w, https:\/\/nepalplus.com\/french\/wp-content\/uploads\/2014\/07\/tentessherpas-170x112.jpg 170w\" sizes=\"(max-width: 586px) 100vw, 586px\" \/><\/a><\/p>\n<p>Les tentes des Sherpas emport\u00e9s par l\u2019avalanche au camp de base de l\u2019Everest \u2013 source : Terbeck \/ Flickr CC<\/p>\n<p>L\u2019une des parties les plus expos\u00e9es pour les Sherpas sur les voies de l\u2019Everest est la travers\u00e9e de la chute de glace de Khumbu (Khumbu Icefall). Ce que proposent certains sherpas, leaders ou dirigeants de tours op\u00e9rateurs locaux serait de transport une partie de l\u2019\u00e9quipement entre le camp de base et le C1 par h\u00e9licopt\u00e8re, cela r\u00e9duirait une partie des revenus des Sherpas mais agrandirait grandement leur s\u00e9curit\u00e9, puisqu\u2019ils n\u2019auraient pas \u00e0 transporter le mat\u00e9riel. Le co\u00fbt de transport en h\u00e9licopt\u00e8re serait\u00a0seulement 50% plus \u00e9lev\u00e9\u00a0que de l\u2019acheminer par des hommes.<\/p>\n<p>Avec le r\u00e9chauffement climatique, certains glaciers sont fragilis\u00e9s et sont devenus instables ce qui rend la chute de glace plus dangereuse que la normale. A la suite de l\u2019avalanche et apr\u00e8s plusieurs r\u00e9unions entre sherpas et leaders, une liste de demandes aux gouvernements a \u00e9t\u00e9 dress\u00e9e, demandant notamment un meilleur d\u00e9dommagement de la part des assurance en cas de blessures ou d\u00e9c\u00e8s d\u2019un guide Sherpa, cette liste marque le premier pas vers une meilleure reconnaissance de la profession par le gouvernement.<\/p>\n<p><a href=\"http:\/\/nepalplus.com\/french\/wp-content\/uploads\/2014\/07\/hiker.jpg\"><img decoding=\"async\" loading=\"lazy\" class=\"aligncenter size-full wp-image-36\" title=\"hiker\" src=\"http:\/\/nepalplus.com\/french\/wp-content\/uploads\/2014\/07\/hiker.jpg\" alt=\"\" width=\"531\" height=\"798\" srcset=\"https:\/\/nepalplus.com\/french\/wp-content\/uploads\/2014\/07\/hiker-199x300.jpg 199w, https:\/\/nepalplus.com\/french\/wp-content\/uploads\/2014\/07\/hiker-99x150.jpg 99w\" sizes=\"(max-width: 531px) 100vw, 531px\" \/><\/a><\/p>\n<p>Alpinisite sur les chemins de l\u2019Everest \u2013 source : Terbeck \/ Flickr CC<\/p>\n<p>Enfin, en plus de ce probl\u00e8me d\u2019ins\u00e9curit\u00e9 sur l\u2019Everest, la\u00a0pollution est un autre fl\u00e9au au dessus du camp de base. Tentes, lunettes de soleil, bouteilles d\u2019oxyg\u00e8nes, bi\u00e8res\u2026 L\u2019Everest devient une d\u00e9charge d\u2019alpinistes peu scrupuleux. Depuis mars 2014, le gouvernement impose \u00e0 chaque alpiniste allant au dessus du camp de base, d\u2019\u00e9videmment redescendre ses d\u00e9chets, mais \u00e9galement de redescendre 8kg de poubelles laiss\u00e9es par des pr\u00e9decesseurs sur les flanc de l\u2019Everest. Si cette r\u00e8gle n\u2019est pas respect\u00e9e, l\u2019alpiniste se verra infliger une amende. Cette loi n\u2019aura pas \u00e9t\u00e9 effective cette ann\u00e9e compte tenu de la fermeture de la saison suite \u00e0 l\u2019avalanche, mais nulle doute qu\u2019elle sera reconduite pour les prochaines exp\u00e9ditions.<\/p>\n<p><a href=\"http:\/\/nepalplus.com\/french\/wp-content\/uploads\/2014\/07\/laceverest.jpg\"><img decoding=\"async\" loading=\"lazy\" class=\"aligncenter size-full wp-image-37\" title=\"laceverest\" src=\"http:\/\/nepalplus.com\/french\/wp-content\/uploads\/2014\/07\/laceverest.jpg\" alt=\"\" width=\"660\" height=\"436\" srcset=\"https:\/\/nepalplus.com\/french\/wp-content\/uploads\/2014\/07\/laceverest-300x199.jpg 300w, https:\/\/nepalplus.com\/french\/wp-content\/uploads\/2014\/07\/laceverest-170x112.jpg 170w\" sizes=\"(max-width: 660px) 100vw, 660px\" \/><\/a><\/p>\n<p>Alpiniste sur un lac gel\u00e9 dans la r\u00e9gion de Khumbu, N\u00e9pal \u2013 source : Terbeck \/ Flickr CC<\/p>\n<p>A noter que le gouvernement a d\u00e9cid\u00e9 de r\u00e9duire les frais de permis pour avoir l\u2019autorisation de gravir l\u2019Everest afin d\u2019attirer plus de monde, passant ainsi d\u2019un co\u00fbt de 18 000$ \u00e0 8 000$ par permis. Avec cette baisse du co\u00fbt, l\u2019Everest devrait vraisemblablement conna\u00eetre un nouveau record d\u2019affluence en 2015, il ne reste plus qu\u2019\u00e0 esp\u00e9rer que la condition des Sherpas soit am\u00e9liorer d\u2019ici l\u00e0, mais \u00e9galement que le gouvernement prendra les mesures n\u00e9cessaires afin de d\u00e9polluer l\u2019Everest.<\/p>\n<p>Source de cette article- http:\/\/captainyvon.fr\/<\/p>\n","protected":false},"excerpt":{"rendered":"<p>\u25cf Jeremy Au coeur de l\u2019Himalaya, \u00e0 la fronti\u00e8re entre le N\u00e9pal et le Tibet, \u00e0 pr\u00e8s de 8848 m d\u2019altitude se hisse la demeure des Dieux : l\u2019Everest.\u00a0C\u2019est dans cette r\u00e9gion de tr\u00e8s haute montagne, avant d\u2019\u00eatre des figures embl\u00e9matiques et\u00a0incontournables de l\u2019alpinisme himalayen, que ce peuple n\u00e9palais d\u2019origine tib\u00e9taine trouve ses racines.\u00a0Sharsignifiant \u00ab\u00a0Est\u00a0\u00bb [&hellip;]<\/p>\n","protected":false},"author":4,"featured_media":0,"comment_status":"open","ping_status":"open","sticky":false,"template":"","format":"standard","meta":[],"categories":[5],"tags":[],"_links":{"self":[{"href":"https:\/\/nepalplus.com\/french\/wp-json\/wp\/v2\/posts\/24"}],"collection":[{"href":"https:\/\/nepalplus.com\/french\/wp-json\/wp\/v2\/posts"}],"about":[{"href":"https:\/\/nepalplus.com\/french\/wp-json\/wp\/v2\/types\/post"}],"author":[{"embeddable":true,"href":"https:\/\/nepalplus.com\/french\/wp-json\/wp\/v2\/users\/4"}],"replies":[{"embeddable":true,"href":"https:\/\/nepalplus.com\/french\/wp-json\/wp\/v2\/comments?post=24"}],"version-history":[{"count":5,"href":"https:\/\/nepalplus.com\/french\/wp-json\/wp\/v2\/posts\/24\/revisions"}],"predecessor-version":[{"id":40,"href":"https:\/\/nepalplus.com\/french\/wp-json\/wp\/v2\/posts\/24\/revisions\/40"}],"wp:attachment":[{"href":"https:\/\/nepalplus.com\/french\/wp-json\/wp\/v2\/media?parent=24"}],"wp:term":[{"taxonomy":"category","embeddable":true,"href":"https:\/\/nepalplus.com\/french\/wp-json\/wp\/v2\/categories?post=24"},{"taxonomy":"post_tag","embeddable":true,"href":"https:\/\/nepalplus.com\/french\/wp-json\/wp\/v2\/tags?post=24"}],"curies":[{"name":"wp","href":"https:\/\/api.w.org\/{rel}","templated":true}]}}