{"id":2711,"date":"2016-05-03T11:38:02","date_gmt":"2016-05-03T11:38:02","guid":{"rendered":"http:\/\/nepalplus.com\/french\/?p=2711"},"modified":"2016-05-03T11:38:02","modified_gmt":"2016-05-03T11:38:02","slug":"des-protestations-nepalaises-contre-lingerence-de-linde-et-de-lunion-europeenne-au-nepal","status":"publish","type":"post","link":"https:\/\/nepalplus.com\/french\/content\/2711.html","title":{"rendered":"Des protestations n\u00e9palaises contre l&#8217;ing\u00e9rence de l&#8217;Inde et de l&#8217;Union Europ\u00e9enne au N\u00e9pal"},"content":{"rendered":"<p><em><strong>&#8211; Bishnu Bhujel<\/strong><\/em><\/p>\n<p><a href=\"http:\/\/nepalplus.com\/french\/wp-content\/uploads\/2016\/05\/Bishnu-Bhujel-janapragatisil-manch-beljium-0343.jpg\"><img decoding=\"async\" loading=\"lazy\" class=\"alignright size-full wp-image-2712\" src=\"http:\/\/nepalplus.com\/french\/wp-content\/uploads\/2016\/05\/Bishnu-Bhujel-janapragatisil-manch-beljium-0343.jpg\" alt=\"Bishnu-Bhujel-janapragatisil-manch-beljium-0343\" width=\"120\" height=\"169\" srcset=\"https:\/\/nepalplus.com\/french\/wp-content\/uploads\/2016\/05\/Bishnu-Bhujel-janapragatisil-manch-beljium-0343.jpg 120w, https:\/\/nepalplus.com\/french\/wp-content\/uploads\/2016\/05\/Bishnu-Bhujel-janapragatisil-manch-beljium-0343-107x150.jpg 107w\" sizes=\"(max-width: 120px) 100vw, 120px\" \/><\/a>A Bruxelles des N\u00e9palais accusent l&#8217;Inde d&#8217;une ing\u00e9rence politique pouss\u00e9e \u00e0 l&#8217;\u00e9gard du N\u00e9pal, un pays avoisinant. L&#8217;Inde s\u2019approprie un r\u00f4le important au N\u00e9pal, sans aucune concertation de la population n\u00e9palaise.<\/p>\n<p>Le 30 mars l&#8217;Union Europ\u00e9enne et l&#8217;Inde ont tenu leur 13i\u00e8me conf\u00e9rence au sommet. Dans l&#8217;article 17 de la d\u00e9claration finale il est \u00e9galement question du N\u00e9pal: \u201cL&#8217;UE et l&#8217;Inde ont convenu qu&#8217;au N\u00e9pal un r\u00e8glement constitutionnel durable et complet est une n\u00e9cessit\u00e9. Ce r\u00e8glement abordera les questions constitutionnelles restantes dans un d\u00e9lais convenu.<!--more--><\/p>\n<p>Cette d\u00e9claration \u00e9voque des souvenirs historiques aux interventions multiples de l&#8217;Inde dans un pass\u00e9 lointain et r\u00e9cent. Elle a choqu\u00e9 les N\u00e9palais, y compris ceux qui habitent \u00e0 l&#8217;\u00e9tranger. En r\u00e9alit\u00e9 cette d\u00e9claration d&#8217;intention constitue une ing\u00e9rence s\u00e9rieuse d&#8217;un pays limitrophe puissant dans les affaires int\u00e9rieures d&#8217;un pays souverain.<\/p>\n<p>Le peuple n\u00e9palais est profond\u00e9ment d\u00e9\u00e7u du fait que cette d\u00e9claration est contraire \u00e0 sa volont\u00e9 d&#8217;\u00e9tablir une paix et un bien-\u00eatre durables. \u00c9voquons le cadre historique dans lequel cette d\u00e9claration r\u00e9cente de l&#8217;UE et l&#8217;Inde doit \u00eatre comprise.<\/p>\n<p><b>La longue lutte pour la d\u00e9mocratie.<\/b><\/p>\n<p>Le peuple n\u00e9palais sort d&#8217;une longue p\u00e9riode de lutte. De 1996 \u00e0 2006 une guerre prolong\u00e9e et persistante a \u00e9t\u00e9 men\u00e9e contre la monarchie absolutiste. En avril 2006 un mouvement de massa a provoqu\u00e9 la chute de la monarchie et l&#8217;instauration de la R\u00e9publique D\u00e9mocratique F\u00e9d\u00e9rale du N\u00e9pal. Le 20 septembre 2015, apr\u00e8s plusieurs \u00e9lections, l&#8217;assembl\u00e9e constituante a approuv\u00e9 la nouvelle constitution.<\/p>\n<p>Nous appr\u00e9cions les suggestions et les conseils de l&#8217;UE et de l&#8217;Inde en ce qui concerne la constitution, mais nous nous opposons fermement \u00e0 l&#8217;interf\u00e9rence mena\u00e7ante et \u00e0 plusieurs actes ill\u00e9gaux qui n&#8217;entrent pas dans le cadre d&#8217;une relation correcte, respectueuse et \u00e9quivalente entre l&#8217;UE, l&#8217;Inde et le pays souverain du N\u00e9pal.<\/p>\n<p><b>Actes ill\u00e9gaux commis par l&#8217;Inde.<\/b><\/p>\n<p>Plus de 60.000 hectares du territoire n\u00e9palais ont \u00e9t\u00e9 annex\u00e9s par l&#8217;Inde. Ceci s&#8217;est op\u00e9r\u00e9 \u00e0 plus de 54 localit\u00e9s dont Kalapani.Des 3558 bornes frontali\u00e8res seulement 2358 ont \u00e9t\u00e9 reconnues officiellement. Des milliers de N\u00e9palais ont \u00e9t\u00e9 victimes d&#8217;un d\u00e9placement forc\u00e9, car cette annexion du territoire par l&#8217;Inde a \u00e9t\u00e9 marqu\u00e9e par la violence, des viols et des pillages.<\/p>\n<p>A plusieurs reprises le N\u00e9pal a insist\u00e9 sur la n\u00e9cessit\u00e9 d&#8217;une solution de ce conflit territorial, mais au lieu de faire face aux probl\u00e8mes, l&#8217;Inde a caus\u00e9 encore plus d&#8217;instabilit\u00e9 et d&#8217;ins\u00e9curit\u00e9 au N\u00e9pal. L&#8217;UE s&#8217;aligne \u00e0 cette positon en approuvant le point 17 de la conclusion du sommet, dans laquelle l&#8217;annexion n&#8217;est nullement mentionn\u00e9e.<\/p>\n<p><b>L&#8217;UE prend parti contre le N\u00e9pal.<\/b><\/p>\n<p>L&#8217;UE n&#8217;est pas assez au courant de l&#8217;\u00e9volution politique du N\u00e9pal. Le N\u00e9pal est un pays d\u00e9mocratique f\u00e9d\u00e9ral. Le pays, qui ant\u00e9rieurement \u00e9tait hindou, s&#8217;est transform\u00e9 en \u00e9tat la\u00efc. Mais c&#8217;est justement Narendra Modi, premier ministre de l&#8217;Inde et int\u00e9griste hindou, qui plaide pour un renouveau religieux hindou au N\u00e9pal.<\/p>\n<p>A cause de trait\u00e9s in\u00e9quitables ant\u00e9rieurement impos\u00e9s par l&#8217;Inde, le N\u00e9pal n&#8217;est pas libre de conclure des accords politiques ou commerciaux avec la communaut\u00e9 internationale ou les organisations internationales. Au cours de son histoire, le N\u00e9pal a toujours souffert de la supr\u00e9matie indienne. Le gouvernement n\u00e9palais propose de reconsid\u00e9rer ces trait\u00e9s dans le cadre des changements politiques. L&#8217;Inde s&#8217;y oppose cat\u00e9goriquement, et ne respecte donc pas le d\u00e9sir d\u2019ind\u00e9pendance du peuple n\u00e9palais.<\/p>\n<p><b>Une lutte d&#8217;\u00e9mancipation anti-f\u00e9odale.<\/b><\/p>\n<p>Il nous faut parler \u00e9galement de la situation sociale et \u00e9conomique au N\u00e9pal qui est toujours un pays semi-f\u00e9odal et semi-colonial.. Bon nombre de questions litigieuses n&#8217;ont pas \u00e9t\u00e9 r\u00e9solues par la nouvelle constitution. Une question cruciale entre autres est la r\u00e9forme rurale r\u00e9volutionnaire. Les droits de la femme ont \u00e9t\u00e9 diminu\u00e9s dans la derni\u00e8re version de la constitution int\u00e9rimaire.<\/p>\n<p>L&#8217;autonomie, bas\u00e9e sur l&#8217;identit\u00e9 ethnique et la classe sociale, ont indirectement \u00e9t\u00e9 rejet\u00e9e. Cette autonomie bas\u00e9e sur l&#8217;identit\u00e9 est n\u00e9anmoins n\u00e9cessaire afin de garantir les droits des peuples indig\u00e8nes qui ont v\u00e9cu durant 240 ans dans un \u00e9tat hindou d\u00e9centralis\u00e9. L&#8217;autonomie, bas\u00e9e sur la situation sociale est \u00e9galement n\u00e9cessaire parce que certaines r\u00e9gions, telles que Karnali et Seti Mahakali sont extr\u00eamement sous d\u00e9velopp\u00e9es.<\/p>\n<p><b>Le syst\u00e8me des castes.\u00a0<\/b><\/p>\n<p>La nouvelle constitution ne parle non plus des droits sp\u00e9cifiques pour les &#8216;intouchables&#8217; ou dalit (caste inf\u00e9rieure du syst\u00e8me des castes formellement supprim\u00e9), les musulmans et autres communaut\u00e9s menac\u00e9es, et les handicap\u00e9s. Pr\u00e8s de quatre millions de jeunes travaillent \u00e0 l&#8217;\u00e9tranger (L&#8217;Inde, le Qatar, les \u00c9mirats arabes&#8230;) comme esclaves dans des conditions moyen\u00e2geuses. Rien de neuf dans cette constitution pour les motiver \u00e0 revenir au pays.<\/p>\n<p>Compar\u00e9e \u00e0 celle de l&#8217;Inde la constitution du N\u00e9pal est certes plus compl\u00e8te et plus d\u00e9mocratique. En Inde, la d\u00e9mocratie est moins respect\u00e9e et contrari\u00e9e par des pratiques ultra-religieuses, un racisme omnipr\u00e9sent, une corruption destructive et une r\u00e9pression fasciste des mouvements r\u00e9volutionnaires. L&#8217;UE, n&#8217;est-elle vraiment pas au courant de ces pratiques??<\/p>\n<p><b>Blocus \u00e9conomique par l&#8217;Inde<\/b><\/p>\n<p>Il y a quelques mois l&#8217;Inde a impos\u00e9 un blocus \u00e9conomique inhumain et humiliant au N\u00e9pal. Suite \u00e0 cela, il s&#8217;est cr\u00e9e une p\u00e9nurie de produits importants tels que le p\u00e9trole. Ce blocus a caus\u00e9 un grand nombre de probl\u00e8mes de subsistance pour la population n\u00e9palaise. Cette question n&#8217;a toujours pas \u00e9t\u00e9 r\u00e9solue.<\/p>\n<p>Nous l&#8217;avons d\u00e9j\u00e0 mentionn\u00e9, le N\u00e9pal h\u00e9berge des communaut\u00e9s de diff\u00e9rentes ethnies avec leur culture et traditions sp\u00e9cifiques. Chacune de ces communaut\u00e9s veut voir ses droits mentionn\u00e9s dans la nouvelle constitution. Or l&#8217;Inde ne soutient que le peuple des Madhesi, situ\u00e9 pr\u00e8s de la fronti\u00e8re de l&#8217;Inde. Il est clair qu&#8217;en r\u00e9alit\u00e9 l&#8217;Inde ne veut pas contribuer \u00e0 l&#8217;am\u00e9lioration du sort des Madhesi, mais que ses interventions visent surtout \u00e0 semer la discorde et \u00e0 diviser le peuple n\u00e9palais. Cette politique du &#8216;diviser pour r\u00e9gner&#8217; doit \u00e0 tout prix \u00eatre combattue et rejet\u00e9e.<\/p>\n<p><b>Le r\u00f4le ambigu de l&#8217;UE<\/b><\/p>\n<p>Face au soutien de l&#8217;UE \u00e0 la lutte pour la d\u00e9mocratie et les droits de l&#8217;homme au N\u00e9pal, il est \u00e9vident que la population N\u00e9palaise est tr\u00e8s sceptique. Elle ne croit pas non plus que l&#8217;UE viserait la stabilit\u00e9 au N\u00e9pal. Au contraire, l&#8217;EU soutient l&#8217;Inde dans son ambition de devenir une superpuissance en Asie.<\/p>\n<p>Ce fait r\u00e9sulte de nombreux points de l&#8217;accord conclu le 30 mars au sommet UE-Inde. L&#8217;UE ne soutient donc pas l&#8217; N\u00e9pal dans ses aspirations \u00e0 devenir un \u00e9tat r\u00e9ellement souverain. Le texte de l&#8217;accord d\u00e9montre clairement l&#8217;int\u00e9r\u00eat que porte l&#8217;UE \u00e0 une collaboration \u00e9troite avec l&#8217;Inde.<\/p>\n<p>L&#8217;accord a d\u00e9j\u00e0 \u00e9t\u00e9 critiqu\u00e9 dans un communiqu\u00e9 de presse du minist\u00e8re des Affaires \u00c9trang\u00e8res du N\u00e9pal. La d\u00e9claration commune de l&#8217;UE et de l&#8217;Inde blesse les sentiments des N\u00e9palais dans la mesure o\u00f9 elle est contraire aux principes de la non-ing\u00e9rence dans les affaires int\u00e9rieures d&#8217;un pays ainsi qu&#8217;\u00e0 la charte de l&#8217;ONU et aux r\u00e8gles en vigueur du droit international.<\/p>\n<p>Le gouvernement du N\u00e9pal a formul\u00e9 explicitement ses critiques lors d&#8217;un conseil de ministres, suivi par presque tous les partis et par les m\u00e9dias, exer\u00e7ant une pression \u00e9norme sur l&#8217;Inde et l&#8217;UE.<\/p>\n<p>Suite \u00e0 cette r\u00e9action, le repr\u00e9sentant de l&#8217;UE au N\u00e9pal a eu un entretien avec le vice-premier et ministre des Affaires \u00c9trang\u00e8res du N\u00e9pal. Elle a affirm\u00e9 que la constitution du N\u00e9pal a \u00e9t\u00e9 bien accueilli par l&#8217;Europe et qu&#8217;il n&#8217;y aurait pas de remarques n\u00e9gatives.<\/p>\n<p>Il est donc important et n\u00e9cessaire de protester contre les intentions cach\u00e9es de l&#8217;Inde et de l&#8217;Europe au N\u00e9pal, qui sont contraires \u00e0 l&#8217;int\u00e9r\u00eat de libert\u00e9 et de bien-\u00eatre du peuple n\u00e9palais.<\/p>\n<p><b>Bishnu Bhujel<\/b><\/p>\n<p>Bishnu Bhujel est conseiller du <i>Nepalese People&#8217;s Progressive Front<\/i>, une organisation sociale de N\u00e9palais progressifs en Belgique, cr\u00e9\u00e9e en 2001.Son objectif majeur est de contribuer \u00e0 la solidarit\u00e9<\/p>\n<p>dans la lutte du peuple n\u00e9palais contre le f\u00e9odalisme et le semi-colonialisme. Le NPPF veut \u00e9galement contribuer \u00e0 la lutte mondiale contre l&#8217;imp\u00e9rialisme. En Belgique le NPPF s&#8217;occupe des droits des immigrants n\u00e9palais et autres. Le NPPF est \u00e9galement solidaire des victimes de catastrophes naturelles comme celle du 25 avril 2015 au N\u00e9pal et s&#8217;oppose \u00e0 toute infraction aux droits de l&#8217;homme.<\/p>\n","protected":false},"excerpt":{"rendered":"<p>&#8211; Bishnu Bhujel A Bruxelles des N\u00e9palais accusent l&#8217;Inde d&#8217;une ing\u00e9rence politique pouss\u00e9e \u00e0 l&#8217;\u00e9gard du N\u00e9pal, un pays avoisinant. L&#8217;Inde s\u2019approprie un r\u00f4le important au N\u00e9pal, sans aucune concertation de la population n\u00e9palaise. Le 30 mars l&#8217;Union Europ\u00e9enne et l&#8217;Inde ont tenu leur 13i\u00e8me conf\u00e9rence au sommet. Dans l&#8217;article 17 de la d\u00e9claration finale [&hellip;]<\/p>\n","protected":false},"author":4,"featured_media":0,"comment_status":"open","ping_status":"open","sticky":false,"template":"","format":"standard","meta":[],"categories":[9],"tags":[],"_links":{"self":[{"href":"https:\/\/nepalplus.com\/french\/wp-json\/wp\/v2\/posts\/2711"}],"collection":[{"href":"https:\/\/nepalplus.com\/french\/wp-json\/wp\/v2\/posts"}],"about":[{"href":"https:\/\/nepalplus.com\/french\/wp-json\/wp\/v2\/types\/post"}],"author":[{"embeddable":true,"href":"https:\/\/nepalplus.com\/french\/wp-json\/wp\/v2\/users\/4"}],"replies":[{"embeddable":true,"href":"https:\/\/nepalplus.com\/french\/wp-json\/wp\/v2\/comments?post=2711"}],"version-history":[{"count":1,"href":"https:\/\/nepalplus.com\/french\/wp-json\/wp\/v2\/posts\/2711\/revisions"}],"predecessor-version":[{"id":2713,"href":"https:\/\/nepalplus.com\/french\/wp-json\/wp\/v2\/posts\/2711\/revisions\/2713"}],"wp:attachment":[{"href":"https:\/\/nepalplus.com\/french\/wp-json\/wp\/v2\/media?parent=2711"}],"wp:term":[{"taxonomy":"category","embeddable":true,"href":"https:\/\/nepalplus.com\/french\/wp-json\/wp\/v2\/categories?post=2711"},{"taxonomy":"post_tag","embeddable":true,"href":"https:\/\/nepalplus.com\/french\/wp-json\/wp\/v2\/tags?post=2711"}],"curies":[{"name":"wp","href":"https:\/\/api.w.org\/{rel}","templated":true}]}}