{"id":2748,"date":"2016-05-27T11:04:57","date_gmt":"2016-05-27T11:04:57","guid":{"rendered":"http:\/\/nepalplus.com\/french\/?p=2748"},"modified":"2016-05-27T11:04:57","modified_gmt":"2016-05-27T11:04:57","slug":"sur-la-route-du-sommet-de-leverest-des-cadavres-danciens-alpinistes-servent-de-reperes-pour-les-autres-alpinistes-retour-sur-lhistoire-dune-ascension-mortelle","status":"publish","type":"post","link":"https:\/\/nepalplus.com\/french\/content\/2748.html","title":{"rendered":"Sur la route du sommet de l&#8217;Everest, des cadavres d&#8217;anciens alpinistes servent de rep\u00e8res pour les autres alpinistes. Retour sur l&#8217;histoire d&#8217;une ascension mortelle !"},"content":{"rendered":"<p>Par\u00a0<strong>J\u00e9r\u00e9my B.<\/strong><\/p>\n<p><a href=\"http:\/\/nepalplus.com\/french\/wp-content\/uploads\/2016\/05\/Mallory-Everest-InkBlood.jpg\"><img decoding=\"async\" loading=\"lazy\" class=\"aligncenter  wp-image-2749\" src=\"http:\/\/nepalplus.com\/french\/wp-content\/uploads\/2016\/05\/Mallory-Everest-InkBlood.jpg\" alt=\"Mallory-Everest-InkBlood\" width=\"665\" height=\"498\" srcset=\"https:\/\/nepalplus.com\/french\/wp-content\/uploads\/2016\/05\/Mallory-Everest-InkBlood.jpg 400w, https:\/\/nepalplus.com\/french\/wp-content\/uploads\/2016\/05\/Mallory-Everest-InkBlood-300x225.jpg 300w, https:\/\/nepalplus.com\/french\/wp-content\/uploads\/2016\/05\/Mallory-Everest-InkBlood-170x128.jpg 170w\" sizes=\"(max-width: 665px) 100vw, 665px\" \/><\/a><\/p>\n<p>L\u2019ascension du mont Everest anime les fantasmes de tous les alpinistes de ce monde, malgr\u00e9 tous les dangers qu\u2019elle repr\u00e9sente. Par ailleurs, les cadavres abandonn\u00e9s sur la neige au fil du temps servent aujourd\u2019hui de \u00ab\u00a0rep\u00e8res\u00a0\u00bb aux alpinistes. Ambiance\u2026<\/p>\n<p>Depuis les premi\u00e8res tentatives d\u2019ascension dans les ann\u00e9es 1920, le mont Everest continue de compter les cadavres d\u2019alpinistes venus le gravir. Malgr\u00e9 sa dangerosit\u00e9, la montagne la plus haute du monde anime les passions et se nourrit de ses myst\u00e8res forgeant sa l\u00e9gende. Au total, on estime qu\u2019il y aurait\u00a0plus de 200 personnes mortes sur l\u2019Everest, dont 150 n\u2019ont jamais \u00e9t\u00e9 retrouv\u00e9es.<!--more--><\/p>\n<p><strong>\u00a0L\u2019Everest, jusqu\u2019au sommet, jusqu\u2019\u00e0 la mort<\/strong><\/p>\n<p>L\u2019une des premi\u00e8res victimes de l\u2019Everest,\u00a0George Mallory, disparu en 1924, a \u00e9t\u00e9 retrouv\u00e9e seulement en 1999, soit 75 ans apr\u00e8s sa mort. On ne saura jamais s\u2019il a pu atteindre le sommet\u2026<\/p>\n<p>Culminant \u00e0 8\u00a0848 m\u00e8tres d\u2019altitude, le roi de l\u2019Himalaya est sans piti\u00e9 avec ces conditions climatiques extr\u00eames. Au-del\u00e0 des 7\u00a0900 m\u00e8tres d\u2019altitude, le sommet de l\u2019Everest est ce qu\u2019on appelle \u00ab\u00a0la zone de mort\u00a0\u00bb.\u00a0Le taux d\u2019oxyg\u00e8ne y est trois fois inf\u00e9rieur par rapport \u00e0 ce que l\u2019on a au niveau de la mer, ce qui signifie que l\u2019organisme puise dans sa r\u00e9serve d\u2019oxyg\u00e8ne plus vite qu\u2019il peut en reconstituer par la respiration. Sans aide respiratoire, il est humainement impossible de survivre plus de 48 heures\u2026<\/p>\n<p>En outre, \u00e0 cause du peu d\u2019oxyg\u00e8ne pour les efforts \u00e0 fournir, il est impossible d\u2019essayer de secourir une personne coinc\u00e9e, au risque d\u2019\u00e9galement y passer. C\u2019est principalement pour cette raison que\u00a0tant de cadavres jonchent aujourd\u2019hui la route qui m\u00e8ne au sommet de l\u2019Everest, consid\u00e9r\u00e9 comme un v\u00e9ritable cimeti\u00e8re \u00e0 ciel ouvert. Parmi ces corps, certains sont m\u00eame devenus des rep\u00e8res pour les alpinistes. L\u2019ironie du sort\u2026<\/p>\n<p><a href=\"http:\/\/nepalplus.com\/french\/wp-content\/uploads\/2016\/05\/everest.jpg\"><img decoding=\"async\" loading=\"lazy\" class=\"aligncenter  wp-image-2750\" src=\"http:\/\/nepalplus.com\/french\/wp-content\/uploads\/2016\/05\/everest.jpg\" alt=\"everest\" width=\"668\" height=\"389\" srcset=\"https:\/\/nepalplus.com\/french\/wp-content\/uploads\/2016\/05\/everest.jpg 620w, https:\/\/nepalplus.com\/french\/wp-content\/uploads\/2016\/05\/everest-300x175.jpg 300w, https:\/\/nepalplus.com\/french\/wp-content\/uploads\/2016\/05\/everest-170x99.jpg 170w\" sizes=\"(max-width: 668px) 100vw, 668px\" \/><\/a><\/p>\n<div class=\"titre-liste\"><strong>\u00ab\u00a0Green Boots\u00a0\u00bb, l\u2019un des cadavres-rep\u00e8res de l\u2019Everest<\/strong><\/div>\n<p>Parmi les exemples les plus connus du monde de l\u2019alpinisme,\u00a0il y a celui de \u00ab\u00a0Green Boots\u00a0\u00bb (ndlr\u00a0: \u00ab\u00a0Bottes Vertes\u00a0\u00bb). Un rep\u00e8re reconnaissable puisqu\u2019il s\u2019agit d\u2019un cadavre, non identifi\u00e9, portant des chaussures vertes, situ\u00e9 \u00e0 8\u00a0460 m\u00e8tres d\u2019altitude. La mort de \u00ab\u00a0Green Boots\u00a0\u00bb serait arriv\u00e9e en 1996, lors d\u2019une avalanche qui marqua l\u2019une des p\u00e9riodes les plus meurtri\u00e8res enregistr\u00e9es sur l\u2019Everest.<\/p>\n<p>Le corps n\u2019a jamais \u00e9t\u00e9 d\u00e9plac\u00e9 \u00e0 cause du gel qui le maintient contre la roche. Il est devenu un symbole de la discipline dans le mauvais sens du terme, illustrant notamment le manque de solidarit\u00e9 qui existe dans le monde de l\u2019alpinisme. S\u2019il semble logique qu\u2019un alpiniste n\u2019a pas \u00e0 risquer sa vie pour sauver celle d\u2019autrui, si le risque est trop important,\u00a0il s\u2019av\u00e8re \u00e9galement les exp\u00e9ditions avaient tendance \u00e0 pr\u00e9cipiter leur ascension, quitte \u00e0 laisser des coll\u00e8gues derri\u00e8re eux.<\/p>\n<p><a href=\"http:\/\/nepalplus.com\/french\/wp-content\/uploads\/2016\/05\/mort-sur-Everest-Green-Boot-Inkblood.jpg\"><img decoding=\"async\" loading=\"lazy\" class=\"aligncenter  wp-image-2751\" src=\"http:\/\/nepalplus.com\/french\/wp-content\/uploads\/2016\/05\/mort-sur-Everest-Green-Boot-Inkblood.jpg\" alt=\"mort-sur-Everest-Green-Boot-Inkblood\" width=\"649\" height=\"487\" srcset=\"https:\/\/nepalplus.com\/french\/wp-content\/uploads\/2016\/05\/mort-sur-Everest-Green-Boot-Inkblood.jpg 426w, https:\/\/nepalplus.com\/french\/wp-content\/uploads\/2016\/05\/mort-sur-Everest-Green-Boot-Inkblood-300x225.jpg 300w, https:\/\/nepalplus.com\/french\/wp-content\/uploads\/2016\/05\/mort-sur-Everest-Green-Boot-Inkblood-170x128.jpg 170w\" sizes=\"(max-width: 649px) 100vw, 649px\" \/><\/a><\/p>\n<p>L\u2019exemple le plus criant de ce manque de solidarit\u00e9 est celui de\u00a0David Sharp, mort en 2006, tout pr\u00e8s de \u00ab\u00a0Green Boots\u00a0\u00bb. Parti pour une ascension en solitaire, l\u2019alpiniste britannique est retrouv\u00e9 en \u00e9tat d\u2019hypothermie dans une grotte par une exp\u00e9dition, mais son transport et son assistance semblent impossibles. Deux jours durant, diff\u00e9rentes \u00e9quipes d\u2019alpinistes le croiseront sur son chemin. Certains ne s\u2019arr\u00eateront m\u00eame pas, le confondant avec le fameux \u00ab\u00a0Green Boots\u00a0\u00bb.\u00a0Lors de l\u2019annonce de sa mort, une vive pol\u00e9mique r\u00e9veillera le monde de l\u2019alpinisme. Il y aurait eu au moins 40 grimpeurs qui seraient pass\u00e9s \u00e0 c\u00f4t\u00e9 de David Sharp, mourant dans le froid, sans l\u2019aider.\u00a0Son corps fut r\u00e9cup\u00e9r\u00e9 un an apr\u00e8s sa mort\u2026<\/p>\n<div class=\"titre-liste\"><strong>L\u2019Everest, un cimeti\u00e8re \u00e0 ciel ouvert<\/strong><\/div>\n<p>A l\u2019instar de \u00ab\u00a0Green Boots\u00a0\u00bb, d\u2019autres cadavres gel\u00e9s servent de rep\u00e8res aux alpinistes. Notamment,\u00a0il y a celui que l\u2019on appelle \u00ab\u00a0le salueur\u00a0\u00bb (\u00ab\u00a0el saludador\u00a0\u00bb en espagnol), l\u2019un des premiers que les alpinistes croisent, baptis\u00e9 comme cela \u00e0 cause de la forme de ses bras qui semblent appeler \u00e0 l\u2019aide. Egalement, le cadavre de Peter Boardman, mort en 1982, ou encore celui de Frankie Arsentev que l\u2019alpiniste sud-africaine, Cathy O\u2019Dowd, avait crois\u00e9 \u00e0 peine en vie lors de son ascension en 1998.<\/p>\n<p><a href=\"http:\/\/nepalplus.com\/french\/wp-content\/uploads\/2016\/05\/Dead-Everest-inkblood-2.jpg\"><img decoding=\"async\" loading=\"lazy\" class=\"aligncenter  wp-image-2752\" src=\"http:\/\/nepalplus.com\/french\/wp-content\/uploads\/2016\/05\/Dead-Everest-inkblood-2.jpg\" alt=\"Dead-Everest-inkblood-2\" width=\"707\" height=\"527\" srcset=\"https:\/\/nepalplus.com\/french\/wp-content\/uploads\/2016\/05\/Dead-Everest-inkblood-2.jpg 500w, https:\/\/nepalplus.com\/french\/wp-content\/uploads\/2016\/05\/Dead-Everest-inkblood-2-300x224.jpg 300w, https:\/\/nepalplus.com\/french\/wp-content\/uploads\/2016\/05\/Dead-Everest-inkblood-2-170x127.jpg 170w\" sizes=\"(max-width: 707px) 100vw, 707px\" \/><\/a><\/p>\n<p><strong>En 2014, une avalanche a eu raison de la vie de 16 personnes et trois d\u2019entre elles sont rest\u00e9s ensevelis sous 100 centim\u00e8tres de neige.<\/strong> Il s\u2019agissait de la catastrophe naturelle la plus meurtri\u00e8re de l\u2019Everest depuis celle de 1996.<\/p>\n<p><a href=\"http:\/\/nepalplus.com\/french\/wp-content\/uploads\/2016\/05\/Dead-Everest.jpg\"><img decoding=\"async\" loading=\"lazy\" class=\"aligncenter  wp-image-2753\" src=\"http:\/\/nepalplus.com\/french\/wp-content\/uploads\/2016\/05\/Dead-Everest.jpg\" alt=\"Dead-Everest\" width=\"628\" height=\"940\" srcset=\"https:\/\/nepalplus.com\/french\/wp-content\/uploads\/2016\/05\/Dead-Everest.jpg 308w, https:\/\/nepalplus.com\/french\/wp-content\/uploads\/2016\/05\/Dead-Everest-200x300.jpg 200w, https:\/\/nepalplus.com\/french\/wp-content\/uploads\/2016\/05\/Dead-Everest-100x150.jpg 100w\" sizes=\"(max-width: 628px) 100vw, 628px\" \/><\/a><\/p>\n<p>Le Mont Everest a ses aventuriers et ses h\u00e9ros, \u00e0 l\u2019image de\u00a0Edmund Hillary et Tensing Norgay qui furent les premiers \u00e0 poser leur pied sur le sommet de l\u2019Everest le 29 mai 1953. Apr\u00e8s eux, de nombreux alpinistes les imiteront durant la deuxi\u00e8me partie du XX\u00e8me si\u00e8cle, certains m\u00eame en solitaire sans assistance respiratoire. De v\u00e9ritables exploits\u00a0auxquels il faut rajouter ces centaines de cadavres d\u2019alpinistes tomb\u00e9s dans l\u2019oubli, servant d\u00e9sormais de simples balises\u2026<\/p>\n<p>Incroyable cette histoire, n\u2019est-ce pas\u00a0?<\/p>\n<p>source &#8211;\u00a0http:\/\/www.demotivateur.fr<\/p>\n","protected":false},"excerpt":{"rendered":"<p>Par\u00a0J\u00e9r\u00e9my B. L\u2019ascension du mont Everest anime les fantasmes de tous les alpinistes de ce monde, malgr\u00e9 tous les dangers qu\u2019elle repr\u00e9sente. Par ailleurs, les cadavres abandonn\u00e9s sur la neige au fil du temps servent aujourd\u2019hui de \u00ab\u00a0rep\u00e8res\u00a0\u00bb aux alpinistes. Ambiance\u2026 Depuis les premi\u00e8res tentatives d\u2019ascension dans les ann\u00e9es 1920, le mont Everest continue de [&hellip;]<\/p>\n","protected":false},"author":4,"featured_media":0,"comment_status":"open","ping_status":"open","sticky":false,"template":"","format":"standard","meta":[],"categories":[22],"tags":[],"_links":{"self":[{"href":"https:\/\/nepalplus.com\/french\/wp-json\/wp\/v2\/posts\/2748"}],"collection":[{"href":"https:\/\/nepalplus.com\/french\/wp-json\/wp\/v2\/posts"}],"about":[{"href":"https:\/\/nepalplus.com\/french\/wp-json\/wp\/v2\/types\/post"}],"author":[{"embeddable":true,"href":"https:\/\/nepalplus.com\/french\/wp-json\/wp\/v2\/users\/4"}],"replies":[{"embeddable":true,"href":"https:\/\/nepalplus.com\/french\/wp-json\/wp\/v2\/comments?post=2748"}],"version-history":[{"count":2,"href":"https:\/\/nepalplus.com\/french\/wp-json\/wp\/v2\/posts\/2748\/revisions"}],"predecessor-version":[{"id":2755,"href":"https:\/\/nepalplus.com\/french\/wp-json\/wp\/v2\/posts\/2748\/revisions\/2755"}],"wp:attachment":[{"href":"https:\/\/nepalplus.com\/french\/wp-json\/wp\/v2\/media?parent=2748"}],"wp:term":[{"taxonomy":"category","embeddable":true,"href":"https:\/\/nepalplus.com\/french\/wp-json\/wp\/v2\/categories?post=2748"},{"taxonomy":"post_tag","embeddable":true,"href":"https:\/\/nepalplus.com\/french\/wp-json\/wp\/v2\/tags?post=2748"}],"curies":[{"name":"wp","href":"https:\/\/api.w.org\/{rel}","templated":true}]}}