{"id":2939,"date":"2018-12-24T12:10:45","date_gmt":"2018-12-24T12:10:45","guid":{"rendered":"http:\/\/nepalplus.com\/french\/?p=2939"},"modified":"2018-12-24T12:10:45","modified_gmt":"2018-12-24T12:10:45","slug":"alpinisme-marc-batard-les-eternels-defis-du-fils-de-sagarmatha","status":"publish","type":"post","link":"https:\/\/nepalplus.com\/french\/content\/2939.html","title":{"rendered":"Alpinisme : Marc Batard, les \u00e9ternels d\u00e9fis du fils de Sagarmatha"},"content":{"rendered":"<p><strong>Par\u00a0Tiana Salles<\/strong><\/p>\n<p><a href=\"http:\/\/nepalplus.com\/french\/wp-content\/uploads\/2018\/12\/alpinisme-marc-batard-les-eternels-defis-du-fils-de-sagarmatha.jpg\"><img decoding=\"async\" loading=\"lazy\" class=\"aligncenter  wp-image-2940\" src=\"http:\/\/nepalplus.com\/french\/wp-content\/uploads\/2018\/12\/alpinisme-marc-batard-les-eternels-defis-du-fils-de-sagarmatha.jpg\" alt=\"\" width=\"572\" height=\"328\" srcset=\"https:\/\/nepalplus.com\/french\/wp-content\/uploads\/2018\/12\/alpinisme-marc-batard-les-eternels-defis-du-fils-de-sagarmatha.jpg 1150w, https:\/\/nepalplus.com\/french\/wp-content\/uploads\/2018\/12\/alpinisme-marc-batard-les-eternels-defis-du-fils-de-sagarmatha-300x172.jpg 300w, https:\/\/nepalplus.com\/french\/wp-content\/uploads\/2018\/12\/alpinisme-marc-batard-les-eternels-defis-du-fils-de-sagarmatha-768x441.jpg 768w, https:\/\/nepalplus.com\/french\/wp-content\/uploads\/2018\/12\/alpinisme-marc-batard-les-eternels-defis-du-fils-de-sagarmatha-1024x588.jpg 1024w, https:\/\/nepalplus.com\/french\/wp-content\/uploads\/2018\/12\/alpinisme-marc-batard-les-eternels-defis-du-fils-de-sagarmatha-170x98.jpg 170w\" sizes=\"(max-width: 572px) 100vw, 572px\" \/><\/a><\/p>\n<p>\u00a9 Pascal Tournaire.<\/p>\n<p><strong>A 66 ans Marc Batard se pr\u00e9pare \u00e0 repartir \u00e0 la conqu\u00eate de l&#8217;Everest. Celui qui a grimp\u00e9 sur le toit du monde en moins de 24 heures et sans oxyg\u00e8ne quand il avait 36 ans a d\u00e9cid\u00e9 d&#8217;y retourner y f\u00eater ses 70 ans en 2022. Un d\u00e9fi hors norme \u00e0 l&#8217;image de sa vie et de ses capacit\u00e9s sportives spectaculaires qui lui avaient valu le surnom de &#8220;sprinter de l&#8217;Everest&#8221;. Pourtant, au-del\u00e0 des exploits sportifs, le guide de haute montagne, peintre, \u00e9crivain, est avant tout un homme sensible et complexe, en qu\u00eate de lui-m\u00eame, dont les projets et combats sont autant d&#8217;ascensions \u00e0 r\u00e9ussir<\/strong>.<!--more--><\/p>\n<p>Un physique toujours athl\u00e9tique, malgr\u00e9 une silhouette aff\u00fbt\u00e9e, \u00e0 67 ans, Marc Batard semble n&#8217;avoir jamais quitt\u00e9 ses chaussures de montagne. Premier et seul alpiniste \u00e0 avoir fait l&#8217;ascension de l&#8217;<a href=\"https:\/\/www.geo.fr\/environnement\/video-l-everest-decharge-sauvage-la-plus-haute-au-monde-189633\"><strong>Everest<\/strong><\/a>\u00a0en moins de 24h sans oxyg\u00e8ne, le 26 septembre 1988, il semble toujours perch\u00e9 entre ciel et terre. Au titre de \u00ab sprinter \u00bb d\u00e9livr\u00e9 par les m\u00e9dias, il pr\u00e9f\u00e8re celui \u00ab fils de l&#8217;Everest \u00bb ou plut\u00f4t \u00ab fils du Sagarmatha \u00bb, le nom n\u00e9palais du toit du monde. L&#8217;Everest \u00e9tant un \u00ab signe de la violence coloniale, qui a impos\u00e9 un nom sur une montagne qui en avait d\u00e9j\u00e0 un \u00bb. Celui, dont le record n&#8217;a jamais \u00e9t\u00e9 \u00e9gal\u00e9, ne tient pas particuli\u00e8rement \u00e0 \u00eatre consid\u00e9r\u00e9 comme un comp\u00e9titeur. Certes, il reconna\u00eet que cet exploit lui assure une notori\u00e9t\u00e9 qui lui permet, encore aujourd&#8217;hui, de se garantir des revenus, mais il pr\u00e9cise que sa passion pour la montagne n&#8217;a rien \u00e0 voir avec celle d&#8217;un comp\u00e9titeur en qu\u00eate de records. Pourtant, son \u00ab carnet de sommets \u00bb donne autant le vertige que la hauteur cumul\u00e9e des cimes. Le\u00a0<a href=\"https:\/\/www.geo.fr\/environnement\/video-au-mont-blanc-avec-les-gendarmes-qui-veillent-sur-les-alpinistes-191496\"><strong>mont Blanc<\/strong><\/a>, l&#8217;Aconcagua, le K2, le Kilimanjaro, aucun sommet ne semble r\u00e9sister aux crampons de ce prodige.<\/p>\n<p>Malgr\u00e9 tout, il se d\u00e9fend d&#8217;avoir voulu battre un record : \u00ab Si j&#8217;ai fait \u00e7a, ce n&#8217;\u00e9tait pas pour faire un record pour un record \u00bb. Tout a commenc\u00e9 en r\u00e9alit\u00e9, en 1986, avec Sundare Sherpa \u00ab un des meilleurs sherpas de l&#8217;\u00e9poque \u00bb avec qui Marc Batard semble avoir cr\u00e9\u00e9 un lien de complicit\u00e9 particulier. Tous les deux ont alors r\u00e9ussi la premi\u00e8re ascension hivernale d&#8217;un 8000 m\u00e8tres : le Dhaulagiri. L&#8217;alpiniste souhaitait la faire en un jour, le sherpa pr\u00e9voyait \u00ab comme d&#8217;habitude \u00bb trois jours. Finalement, le duo l&#8217;a r\u00e9alis\u00e9e en deux jours. Le Fran\u00e7ais se sent alors \u00e0 l&#8217;aise et se dit : \u00ab Si je peux faire le Dhaulagiri en un jour, je peux faire l&#8217;Everest aussi \u00bb. Performance symbolique, Marc Batard n\u2019est en r\u00e9alit\u00e9 en comp\u00e9tition qu&#8217;avec lui-m\u00eame, avec la montagne et peut-\u00eatre avec la vie. Apr\u00e8s une enfance difficile faite de complexes physiques et d&#8217;un nom sujet aux moqueries, ses capacit\u00e9s hors norme lui ont permis de partir \u00e0 l&#8217;assaut de la montagne. \u00ab Enfant en difficult\u00e9, je vivais alors un grand mal-\u00eatre ; la montagne m&#8217;a permis de lib\u00e9rer mon flux nerveux et physique. \u00c7a aurait pu \u00eatre une drogue&#8230; Moi la montagne m&#8217;a sauv\u00e9 la vie, et m&#8217;a permis de faire ce parcours \u00bb confie-t-il avec une \u00e9motion encore palpable. Plusieurs fois, il a flirt\u00e9 avec la mort, comme aux Drus dans les Alpes, o\u00f9 il est rest\u00e9 coinc\u00e9 plusieurs jours. Il reconna\u00eet que la montagne aurait pu le tuer.<\/p>\n<p><strong>70 ans sur le toit du monde<\/strong><\/p>\n<p>Marc Batard a arr\u00eat\u00e9 la montagne il y a 18 ans. Mais en 2022, il remontera en haut de l&#8217;Everest pour y f\u00eater son 70e anniversaire. D&#8217;un projet personnel, ce d\u00e9fi s&#8217;est transform\u00e9 en aventure collective humaine et \u00e9cologique \u00e9tal\u00e9e sur 6 ans. \u00ab Refaire l&#8217;Everest \u00e0 70 ans, me permet de reprendre un projet d&#8217;\u00e9cole qui n&#8217;a pas pu se concr\u00e9tiser\u00bb. Ce n&#8217;est pas donc pas seulement une ascension qu&#8217;il va faire, mais six. Apr\u00e8s la Falaise de Gerbier en 2017, il s\u2019appr\u00eate \u00e0 gravir l&#8217;Aconcagua (6992m) cette ann\u00e9e, l&#8217;<a href=\"https:\/\/www.geo.fr\/aventure\/video-nepal-annapurna-iii-un-defi-insense-via-l-arete-sud-est-encore-jamais-grimpee-163895\"><strong>Annapurna<\/strong><\/a>\u00a0( 8 040m) en 2019, le Cho Oyu (8201m) en 2020, le Makalu (8463m) en 2021 et enfin l&#8217;Everest (8848m) apoth\u00e9ose du projet en 2022. Une aventure qu&#8217;ils partageront \u00e0 trois. Pasang Nuru Sherpa et Muhamad Ali seront de la partie.<\/p>\n<p>Soutenu notamment par ses amis dont Emmanuel Petit, champion du monde de\u00a0<a href=\"https:\/\/www.geo.fr\/voyage\/dix-choses-que-vous-ne-saviez-pas-sur-le-football-en-urss-189541\"><strong>football<\/strong><\/a>\u00a0en 1998 et Frederic Thiriez, ex-pr\u00e9sident de la ligue de football professionnelle, le but final est de r\u00e9colter assez d&#8217;argent pour cr\u00e9er une \u00e9cole. Une formation aux m\u00e9tiers de la montagne. \u00ab Le\u00a0<a href=\"https:\/\/www.geo.fr\/environnement\/le-mont-blanc-a-perdu-1-cm-en-deux-ans-178855\"><strong>mont Blanc<\/strong><\/a>, comme l&#8217;Aconcagua et d&#8217;autres montagnes sur la plan\u00e8te, \u00e7a devient des bo\u00eetes \u00e0 fric, prises en main par des agences qui font du business avec \u00e7a \u00bb. Lui veut utiliser cette montagne \u00e0 des fins positives, persuad\u00e9 qu&#8217;elle n\u2019est pas dangereuse, pourvu qu&#8217;on la respecte et que l&#8217;on sache renoncer. L\u00e0 est l&#8217;un des enjeux principaux du m\u00e9tier d&#8217;<a href=\"https:\/\/www.geo.fr\/environnement\/nepal-un-alpiniste-veut-etre-le-plus-age-a-escalader-l-everest-170327\"><strong>alpiniste<\/strong><\/a>. Un long apprentissage de ses ann\u00e9es de haute-montagne et qu&#8217;il garde comme philosophie de vie : \u00ab C&#8217;est pareil pour l&#8217;Everest en 2022, qu&#8217;on ait fait le sommet ou pas, ce sera une r\u00e9ussite. \u00bb Pour lui, l\u00e0 est la beaut\u00e9 du renoncement. Renoncer peut \u00eatre une r\u00e9ussite. \u00bb. Mieux que quiconque, l&#8217;homme aux multiples records sait \u00e0 quel point il faut parfois savoir revenir en arri\u00e8re et que ce n&#8217;est pas un \u00e9chec. La pression il la conna\u00eet, il l&#8217;a subie. Mais en montagne, c&#8217;est une question de vie ou de mort. \u00ab Il faut savoir renoncer \u00e0 la montagne, renoncer \u00e0 la pression \u00e9conomique par s\u00e9curit\u00e9. La profession ne l&#8217;a encore pas compris \u00bb, regrette-t-il. Ce combat est presque politique. Pour Marc Batard, c&#8217;est une remise en cause de la soci\u00e9t\u00e9 de consommation qui encourage \u00e0 gagner toujours plus alors que de temps en temps, il faut apprendre \u00e0 gagner moins, m\u00eame lorsque l&#8217;on a une famille. Ce combat pour l&#8217;apprentissage du renoncement, l&#8217;alpiniste souhaite le transmettre \u00e0 travers l&#8217;\u00e9cole qu&#8217;il veut construire.<\/p>\n<p>Un projet qu&#8217;il appr\u00e9hende de mani\u00e8re internationale : une \u00e9cole g\u00e9r\u00e9e par les 15 pays ayant des sommets de plus de 6000 m\u00e8tres. \u00ab Nous les Occidentaux, on se consid\u00e8re comme les meilleurs professionnels au monde sur les 7000 et les 8000, mais on n&#8217;a aucune\u00a0<a href=\"https:\/\/www.geo.fr\/voyage\/a-la-decouverte-de-13-sommets-mythiques-145796\"><strong>montagne<\/strong><\/a>\u00a0qui d\u00e9passe les 5000 m\u00e8tres !\u00bb ironise-t-il.<br \/>\nCe ne sera pas une \u00e9cole en comp\u00e9tition avec celles qui existent d\u00e9j\u00e0 et dont il reconna\u00eet la qualit\u00e9.<br \/>\nL&#8217;alpiniste reconnait la qualit\u00e9 de beaucoup d&#8217;\u00e9coles. Lui souhaite un \u00e9tablissement d\u00e9livrant un dipl\u00f4me bien sp\u00e9cifique de guide de tr\u00e8s haute montagne, ne s\u00e9lectionnant pas de mani\u00e8re \u00e9litiste sur le niveau technique : \u00ab On ferait bien de baisser un peu le niveau technique et de prendre en consid\u00e9ration l&#8217;esprit d&#8217;\u00e9quipe, de motivation et de transmission. \u00bb.<br \/>\nEn attendant de pouvoir, dans l&#8217;id\u00e9al, faire l&#8217;inauguration de cet \u00e9tablissement d&#8217;un nouveau genre en 2022, le programme de cette ascension d&#8217;anniversaire sera donc \u00ab classique \u00bb : 15 jours d&#8217;acclimatation et une mont\u00e9e en 2 jours depuis le camp de base.<\/p>\n<p><strong>Des d\u00e9fis encore plus personnels \u00e0 surmonter<\/strong><\/p>\n<p>Au-del\u00e0 de ses activit\u00e9s de guide, de sa passion de toujours pour la peinture, de ses combats contre la faim dans le monde, la paix et le mal-logement, Marc Batard est aujourd&#8217;hui un \u00e9crivain. Par les lignes qu&#8217;il \u00e9crit, c&#8217;est \u00e0 une autre montagne qu&#8217;il s&#8217;attaque : l&#8217;homophobie. Celui qui s&#8217;est longtemps ignor\u00e9 a d\u00e9couvert et assum\u00e9 son homosexualit\u00e9 apr\u00e8s un long chemin de compr\u00e9hension et d&#8217;acceptation. Dans son livre\u00a0<em>La sortie des cimes<\/em>, il en raconte avec pudeur les \u00e9tapes. Le but premier de cette nouvelle aventure sur l&#8217;Everest \u00e9tait d&#8217;ailleurs d\u2019emmener celui qui est aujourd&#8217;hui son mari sur ce toit du monde qu&#8217;il aime tant. Finalement, ils ne monteront pas ensemble, mais cet homme tortur\u00e9 semble s&#8217;\u00eatre enfin apais\u00e9, peut-\u00eatre alors la plus belle et la plus importante ascension de sa vie.<\/p>\n<p>https:\/\/www.geo.fr\/aventure\/alpinisme-marc-batard-les-eternels-defis-du-fils-de-sagarmatha-193554?fbclid=IwAR1rTDJBSKjMLLZ0j7m12dxmZylLTjT1D7fsn6Dp10Sj0Fm3FpInhpX7dJA<\/p>\n","protected":false},"excerpt":{"rendered":"<p>Par\u00a0Tiana Salles \u00a9 Pascal Tournaire. A 66 ans Marc Batard se pr\u00e9pare \u00e0 repartir \u00e0 la conqu\u00eate de l&#8217;Everest. Celui qui a grimp\u00e9 sur le toit du monde en moins de 24 heures et sans oxyg\u00e8ne quand il avait 36 ans a d\u00e9cid\u00e9 d&#8217;y retourner y f\u00eater ses 70 ans en 2022. Un d\u00e9fi hors [&hellip;]<\/p>\n","protected":false},"author":4,"featured_media":0,"comment_status":"open","ping_status":"open","sticky":false,"template":"","format":"standard","meta":[],"categories":[22],"tags":[],"_links":{"self":[{"href":"https:\/\/nepalplus.com\/french\/wp-json\/wp\/v2\/posts\/2939"}],"collection":[{"href":"https:\/\/nepalplus.com\/french\/wp-json\/wp\/v2\/posts"}],"about":[{"href":"https:\/\/nepalplus.com\/french\/wp-json\/wp\/v2\/types\/post"}],"author":[{"embeddable":true,"href":"https:\/\/nepalplus.com\/french\/wp-json\/wp\/v2\/users\/4"}],"replies":[{"embeddable":true,"href":"https:\/\/nepalplus.com\/french\/wp-json\/wp\/v2\/comments?post=2939"}],"version-history":[{"count":1,"href":"https:\/\/nepalplus.com\/french\/wp-json\/wp\/v2\/posts\/2939\/revisions"}],"predecessor-version":[{"id":2941,"href":"https:\/\/nepalplus.com\/french\/wp-json\/wp\/v2\/posts\/2939\/revisions\/2941"}],"wp:attachment":[{"href":"https:\/\/nepalplus.com\/french\/wp-json\/wp\/v2\/media?parent=2939"}],"wp:term":[{"taxonomy":"category","embeddable":true,"href":"https:\/\/nepalplus.com\/french\/wp-json\/wp\/v2\/categories?post=2939"},{"taxonomy":"post_tag","embeddable":true,"href":"https:\/\/nepalplus.com\/french\/wp-json\/wp\/v2\/tags?post=2939"}],"curies":[{"name":"wp","href":"https:\/\/api.w.org\/{rel}","templated":true}]}}