{"id":2958,"date":"2019-05-17T18:21:45","date_gmt":"2019-05-17T18:21:45","guid":{"rendered":"http:\/\/nepalplus.com\/french\/?p=2958"},"modified":"2019-05-17T18:24:36","modified_gmt":"2019-05-17T18:24:36","slug":"kami-rita-sherpa-gravi-le-mont-everest-23-eme-fois","status":"publish","type":"post","link":"https:\/\/nepalplus.com\/french\/content\/2958.html","title":{"rendered":"Kami Rita Sherpa Gravi le mont Everest 23 \u00e8me fois"},"content":{"rendered":"<p><strong>-Rajan Pokhrel<\/strong><\/p>\n<p><a href=\"http:\/\/nepalplus.com\/french\/wp-content\/uploads\/2019\/05\/Kami-Riat-Sherpa-Mt-Everest.jpg\"><img decoding=\"async\" loading=\"lazy\" class=\"aligncenter wp-image-2959\" src=\"http:\/\/nepalplus.com\/french\/wp-content\/uploads\/2019\/05\/Kami-Riat-Sherpa-Mt-Everest.jpg\" alt=\"\" width=\"560\" height=\"373\" srcset=\"https:\/\/nepalplus.com\/french\/wp-content\/uploads\/2019\/05\/Kami-Riat-Sherpa-Mt-Everest.jpg 800w, https:\/\/nepalplus.com\/french\/wp-content\/uploads\/2019\/05\/Kami-Riat-Sherpa-Mt-Everest-300x200.jpg 300w, https:\/\/nepalplus.com\/french\/wp-content\/uploads\/2019\/05\/Kami-Riat-Sherpa-Mt-Everest-768x512.jpg 768w, https:\/\/nepalplus.com\/french\/wp-content\/uploads\/2019\/05\/Kami-Riat-Sherpa-Mt-Everest-170x113.jpg 170w\" sizes=\"(max-width: 560px) 100vw, 560px\" \/><\/a><\/p>\n<p>(Kami Rita Sherpa, Photo: Facebook)<\/p>\n<p>KATHMANDU: Un alpiniste Sherpa \u00e2g\u00e9 de 49 ans a atteint la 23\u00e8me fois au sommet de la plus haute montagne du monde, devenant le seul alpiniste au monde \u00e0 d\u00e9tenir le record du plus grand nombre de sommets du mont Everest.<!--more--><\/p>\n<p>Selon Mingma Sherpa, pr\u00e9sident de la soci\u00e9t\u00e9 \u00e0 Seven Summit Treks, Kami Rita Sherpa, du village de Thame, dans le district de Solukhumbu, a r\u00e9ussi \u00e0 gravir le mont Everest vers 7 h 50 du N\u00e9pal, battant son propre record de sommets sur le toit du monde. L\u2019ann\u00e9e derni\u00e8re, Sherpa a gravi le mont Everest pour la 22 \u00e8me fois. &#8220;Kami Rita et Nima Wangdi Sherpa de l&#8217;exp\u00e9dition Seven Summit Treks ont \u00e9crit l&#8217;histoire sur le toit du monde&#8221;, a d\u00e9clar\u00e9 Sherpa \u00e0 THT.<\/p>\n<p>Selon les responsables du camp de base, Kami Rita a commenc\u00e9 sa campagne au sommet du camp IV mardi soir et a atteint son sommet mercredi matin.<br \/>\nKami Rita a d\u00e9j\u00e0 gravi la plupart des sommets au-dessus de 8 000 m, dont K2, Cho-oyu, Lhoste et Annapurna, entre autres. &#8220;Les alpinistes descendent maintenant dans les camps inf\u00e9rieurs en toute s\u00e9curit\u00e9.&#8221;<\/p>\n<p>(The Himalayan Times, 15 mai 2019)<\/p>\n","protected":false},"excerpt":{"rendered":"<p>-Rajan Pokhrel (Kami Rita Sherpa, Photo: Facebook) KATHMANDU: Un alpiniste Sherpa \u00e2g\u00e9 de 49 ans a atteint la 23\u00e8me fois au sommet de la plus haute montagne du monde, devenant le seul alpiniste au monde \u00e0 d\u00e9tenir le record du plus grand nombre de sommets du mont Everest.<\/p>\n","protected":false},"author":4,"featured_media":0,"comment_status":"open","ping_status":"open","sticky":false,"template":"","format":"standard","meta":[],"categories":[22],"tags":[],"_links":{"self":[{"href":"https:\/\/nepalplus.com\/french\/wp-json\/wp\/v2\/posts\/2958"}],"collection":[{"href":"https:\/\/nepalplus.com\/french\/wp-json\/wp\/v2\/posts"}],"about":[{"href":"https:\/\/nepalplus.com\/french\/wp-json\/wp\/v2\/types\/post"}],"author":[{"embeddable":true,"href":"https:\/\/nepalplus.com\/french\/wp-json\/wp\/v2\/users\/4"}],"replies":[{"embeddable":true,"href":"https:\/\/nepalplus.com\/french\/wp-json\/wp\/v2\/comments?post=2958"}],"version-history":[{"count":3,"href":"https:\/\/nepalplus.com\/french\/wp-json\/wp\/v2\/posts\/2958\/revisions"}],"predecessor-version":[{"id":2962,"href":"https:\/\/nepalplus.com\/french\/wp-json\/wp\/v2\/posts\/2958\/revisions\/2962"}],"wp:attachment":[{"href":"https:\/\/nepalplus.com\/french\/wp-json\/wp\/v2\/media?parent=2958"}],"wp:term":[{"taxonomy":"category","embeddable":true,"href":"https:\/\/nepalplus.com\/french\/wp-json\/wp\/v2\/categories?post=2958"},{"taxonomy":"post_tag","embeddable":true,"href":"https:\/\/nepalplus.com\/french\/wp-json\/wp\/v2\/tags?post=2958"}],"curies":[{"name":"wp","href":"https:\/\/api.w.org\/{rel}","templated":true}]}}