{"id":2965,"date":"2019-05-28T17:26:12","date_gmt":"2019-05-28T17:26:12","guid":{"rendered":"http:\/\/nepalplus.com\/french\/?p=2965"},"modified":"2019-05-28T17:29:12","modified_gmt":"2019-05-28T17:29:12","slug":"quatre-nouveaux-morts-sur-leverest-embouteille","status":"publish","type":"post","link":"https:\/\/nepalplus.com\/french\/content\/2965.html","title":{"rendered":"Quatre nouveaux morts sur l&#8217;Everest embouteill\u00e9"},"content":{"rendered":"<p><a href=\"http:\/\/nepalplus.com\/french\/wp-content\/uploads\/2019\/05\/1.jpg\"><img decoding=\"async\" loading=\"lazy\" class=\"aligncenter wp-image-2966\" src=\"http:\/\/nepalplus.com\/french\/wp-content\/uploads\/2019\/05\/1.jpg\" alt=\"\" width=\"579\" height=\"335\" srcset=\"https:\/\/nepalplus.com\/french\/wp-content\/uploads\/2019\/05\/1.jpg 800w, https:\/\/nepalplus.com\/french\/wp-content\/uploads\/2019\/05\/1-300x174.jpg 300w, https:\/\/nepalplus.com\/french\/wp-content\/uploads\/2019\/05\/1-768x444.jpg 768w, https:\/\/nepalplus.com\/french\/wp-content\/uploads\/2019\/05\/1-170x98.jpg 170w\" sizes=\"(max-width: 579px) 100vw, 579px\" \/><\/a><\/p>\n<p>Quatre alpinistes ont p\u00e9ri sur l&#8217;Everest, ont annonc\u00e9 vendredi des organisateurs d&#8217;exp\u00e9ditions, portant \u00e0 huit le nombre de morts cette saison sur le toit du monde dont la fr\u00e9quentation croissante cr\u00e9e de dangereux embouteillages en &#8220;zone de la mort&#8221;.<!--more--><\/p>\n<p><a href=\"http:\/\/nepalplus.com\/french\/wp-content\/uploads\/2019\/05\/2.jpg\"><img decoding=\"async\" loading=\"lazy\" class=\"aligncenter wp-image-2967\" src=\"http:\/\/nepalplus.com\/french\/wp-content\/uploads\/2019\/05\/2.jpg\" alt=\"\" width=\"548\" height=\"325\" srcset=\"https:\/\/nepalplus.com\/french\/wp-content\/uploads\/2019\/05\/2.jpg 800w, https:\/\/nepalplus.com\/french\/wp-content\/uploads\/2019\/05\/2-300x178.jpg 300w, https:\/\/nepalplus.com\/french\/wp-content\/uploads\/2019\/05\/2-768x455.jpg 768w, https:\/\/nepalplus.com\/french\/wp-content\/uploads\/2019\/05\/2-170x101.jpg 170w\" sizes=\"(max-width: 548px) 100vw, 548px\" \/><\/a><\/p>\n<p>La haute saison bat son plein sur la montagne de 8.848 m, au point que des files d&#8217;attente d&#8217;alpinistes se forment \u00e0 proximit\u00e9 du sommet. \u00c0 la date de jeudi, environ 550 grimpeurs \u00e9taient parvenus en haut de l&#8217;Everest cette ann\u00e9e, selon des donn\u00e9es collect\u00e9es par les autorit\u00e9s n\u00e9palaises.<\/p>\n<p>Deux Indiens, un Autrichien et un N\u00e9palais y ont succomb\u00e9 au cours des derni\u00e8res 48h.<\/p>\n<p>L&#8217;Indienne Kalpana Das, 52 ans, a atteint jeudi apr\u00e8s-midi la cime mais elle est d\u00e9c\u00e9d\u00e9e tandis qu&#8217;elle descendait. Son compatriote Nihal Bagwan, 27 ans, a aussi trouv\u00e9 la mort sur le chemin du retour.<\/p>\n<p><a href=\"http:\/\/nepalplus.com\/french\/wp-content\/uploads\/2019\/05\/32.jpg\"><img decoding=\"async\" loading=\"lazy\" class=\"aligncenter wp-image-2968\" src=\"http:\/\/nepalplus.com\/french\/wp-content\/uploads\/2019\/05\/32.jpg\" alt=\"\" width=\"581\" height=\"227\" srcset=\"https:\/\/nepalplus.com\/french\/wp-content\/uploads\/2019\/05\/32.jpg 800w, https:\/\/nepalplus.com\/french\/wp-content\/uploads\/2019\/05\/32-300x117.jpg 300w, https:\/\/nepalplus.com\/french\/wp-content\/uploads\/2019\/05\/32-768x300.jpg 768w, https:\/\/nepalplus.com\/french\/wp-content\/uploads\/2019\/05\/32-170x67.jpg 170w\" sizes=\"(max-width: 581px) 100vw, 581px\" \/><\/a><\/p>\n<p>&#8220;Il \u00e9tait coinc\u00e9 dans l&#8217;embouteillage pendant plus de douze heures et \u00e9tait \u00e9puis\u00e9. Des guides sherpas l&#8217;ont ramen\u00e9 au camp 4 mais il a rendu son dernier souffle l\u00e0-bas&#8221;, a relat\u00e9 Keshav Paudel de l&#8217;agence Peak Promotion.<\/p>\n<p>De l&#8217;autre c\u00f4t\u00e9 de la montagne, un alpiniste autrichien de 65 est mort jeudi sur la voie tib\u00e9taine, moins fr\u00e9quent\u00e9e que la n\u00e9palaise, a annonc\u00e9 son organisateur d&#8217;exp\u00e9dition. Un guide n\u00e9palais de 33 ans a lui succomb\u00e9 au camp de base, apr\u00e8s \u00eatre tomb\u00e9 malade au camp 3 \u00e0 7.158 m\u00e8tres d&#8217;altitude.<\/p>\n<p>Des photos impressionnantes montraient ces derniers jours une longue queue d&#8217;alpinistes emmitoufl\u00e9s pi\u00e9tinant sur l&#8217;ar\u00eate situ\u00e9e entre la cime et le col Sud, o\u00f9 se trouve l&#8217;ultime campement du versant n\u00e9palais.<\/p>\n<p><a href=\"http:\/\/nepalplus.com\/french\/wp-content\/uploads\/2019\/05\/4.jpg\"><img decoding=\"async\" loading=\"lazy\" class=\"aligncenter wp-image-2969\" src=\"http:\/\/nepalplus.com\/french\/wp-content\/uploads\/2019\/05\/4.jpg\" alt=\"\" width=\"599\" height=\"346\" srcset=\"https:\/\/nepalplus.com\/french\/wp-content\/uploads\/2019\/05\/4.jpg 800w, https:\/\/nepalplus.com\/french\/wp-content\/uploads\/2019\/05\/4-300x173.jpg 300w, https:\/\/nepalplus.com\/french\/wp-content\/uploads\/2019\/05\/4-768x444.jpg 768w, https:\/\/nepalplus.com\/french\/wp-content\/uploads\/2019\/05\/4-170x98.jpg 170w\" sizes=\"(max-width: 599px) 100vw, 599px\" \/><\/a><\/p>\n<p>Rescap\u00e9e d&#8217;une exp\u00e9dition tragique sur le Nanga Parbat pakistanais l&#8217;ann\u00e9e derni\u00e8re, qui avait co\u00fbt\u00e9 la vie \u00e0 son compagnon de cord\u00e9e polonais, l&#8217;alpiniste fran\u00e7aise \u00c9lisabeth Revol a renou\u00e9 avec les &#8220;8.000&#8221; en gravissant cons\u00e9cutivement l&#8217;Everest et le Lhotse voisin, a annonc\u00e9 vendredi \u00e0 l&#8217;AFP son exp\u00e9dition.<\/p>\n<p>&#8220;Elle est parvenue au sommet de l&#8217;Everest hier et a atteint le haut du Lhotse ce matin&#8221;, a d\u00e9clar\u00e9 Rishi Ram Bhandari de l&#8217;agence Satori Adventures. En raison des ralentissements sur le chemin, il n&#8217;\u00e9tait pas en mesure de confirmer si la Fran\u00e7aise avait pu effectuer enti\u00e8rement ces ascensions sans recourir \u00e0 une assistance respiratoire, comme elle le pr\u00e9voyait.<\/p>\n<p>La haute saison de l&#8217;Everest dure de fin avril \u00e0 fin mai. \u00c0 cette p\u00e9riode, la m\u00e9t\u00e9o offre une courte fen\u00eatre de conditions moins extr\u00eames dans ces hauteurs glac\u00e9es et impropres \u00e0 la vie.<\/p>\n<p><strong>&#8211; Veuves triomphantes &#8211;<\/strong><\/p>\n<p>Selon les experts, l&#8217;encombrement d&#8217;alpinistes est d\u00fb aussi bien \u00e0 la multiplication de permis qu&#8217;au nombre r\u00e9duit de fen\u00eatres m\u00e9t\u00e9o favorables pour monter au sommet cette ann\u00e9e. Toutes les exp\u00e9ditions lancent donc l&#8217;assaut final les m\u00eames jours.<\/p>\n<p>&#8220;Avec si peu d&#8217;opportunit\u00e9s (m\u00e9t\u00e9o) et tant de permis (&#8230;) il est impossible de faire passer tant de gens \u00e0 travers les goulots d&#8217;\u00e9tranglement notoires des deux c\u00f4t\u00e9s&#8221;, a estim\u00e9 Alan Arnette, un blogueur sp\u00e9cialis\u00e9.<\/p>\n<p>\u00c0 cette altitude extr\u00eame, l&#8217;oxyg\u00e8ne se fait plus rare et les sportifs doivent g\u00e9n\u00e9ralement recourir \u00e0 des bouteilles d&#8217;oxyg\u00e8ne pour parvenir au bout de leur ascension. Une altitude sup\u00e9rieure \u00e0 8.000 m\u00e8tres au-dessus du niveau de la mer est consid\u00e9r\u00e9e comme la &#8220;zone de la mort&#8221;.<\/p>\n<p>&#8220;Rester longtemps dans la zone de la mort augmente les risques de gelures, de mal des montagnes et m\u00eame de mort&#8221;, a expliqu\u00e9 \u00e0 l&#8217;AFP Ang Tsering Sherpa, ancien pr\u00e9sident de l&#8217;Association d&#8217;alpinisme du N\u00e9pal.<\/p>\n<p>Furdiki Sherpa et Nima Doma Sherpa, deux veuves de guides sherpas tu\u00e9s sur l&#8217;Everest, ont atteint jeudi le sommet de la montagne qui a emport\u00e9 leurs maris, selon le coordinateur de leur \u00e9quipe. Les deux N\u00e9palaises souhaitaient d\u00e9fier les traditions patriarcales et la domination masculine de l&#8217;alpinisme.<\/p>\n<p>&#8220;Nous voulons monter l&#8217;Everest avec un message pour les veuves et les femmes c\u00e9libataires. Nous ne valons pas moins que les autres, nous sommes capables d&#8217;accomplir n&#8217;importe quoi&#8221;, avaient-elles confi\u00e9 \u00e0 l&#8217;AFP avant leur d\u00e9part.<\/p>\n<p>Cinq personnes avaient perdu la vie l&#8217;ann\u00e9e derni\u00e8re sur l&#8217;Everest. En 2015, 18 alpinistes avaient p\u00e9ri au camp de base dans une avalanche d\u00e9clench\u00e9e par un s\u00e9isme.<\/p>\n<p>La lib\u00e9ralisation de l&#8217;ascension par les autorit\u00e9s n\u00e9palaises dans les ann\u00e9es 1990 a encourag\u00e9 le d\u00e9veloppement d&#8217;exp\u00e9ditions commerciales et multipli\u00e9 les alpinistes sur les parois. L&#8217;Everest a \u00e9t\u00e9 conquis pour la premi\u00e8re fois en 1953 par le N\u00e9palais Tenzing Norgay et le N\u00e9o-Z\u00e9landais Edmund Hillary.<\/p>\n<p>(AFP, publi\u00e9 le vendredi 24 mai 2019 \u00e0 18h38)<\/p>\n","protected":false},"excerpt":{"rendered":"<p>Quatre alpinistes ont p\u00e9ri sur l&#8217;Everest, ont annonc\u00e9 vendredi des organisateurs d&#8217;exp\u00e9ditions, portant \u00e0 huit le nombre de morts cette saison sur le toit du monde dont la fr\u00e9quentation croissante cr\u00e9e de dangereux embouteillages en &#8220;zone de la mort&#8221;.<\/p>\n","protected":false},"author":4,"featured_media":0,"comment_status":"open","ping_status":"open","sticky":false,"template":"","format":"standard","meta":[],"categories":[22],"tags":[],"_links":{"self":[{"href":"https:\/\/nepalplus.com\/french\/wp-json\/wp\/v2\/posts\/2965"}],"collection":[{"href":"https:\/\/nepalplus.com\/french\/wp-json\/wp\/v2\/posts"}],"about":[{"href":"https:\/\/nepalplus.com\/french\/wp-json\/wp\/v2\/types\/post"}],"author":[{"embeddable":true,"href":"https:\/\/nepalplus.com\/french\/wp-json\/wp\/v2\/users\/4"}],"replies":[{"embeddable":true,"href":"https:\/\/nepalplus.com\/french\/wp-json\/wp\/v2\/comments?post=2965"}],"version-history":[{"count":2,"href":"https:\/\/nepalplus.com\/french\/wp-json\/wp\/v2\/posts\/2965\/revisions"}],"predecessor-version":[{"id":2971,"href":"https:\/\/nepalplus.com\/french\/wp-json\/wp\/v2\/posts\/2965\/revisions\/2971"}],"wp:attachment":[{"href":"https:\/\/nepalplus.com\/french\/wp-json\/wp\/v2\/media?parent=2965"}],"wp:term":[{"taxonomy":"category","embeddable":true,"href":"https:\/\/nepalplus.com\/french\/wp-json\/wp\/v2\/categories?post=2965"},{"taxonomy":"post_tag","embeddable":true,"href":"https:\/\/nepalplus.com\/french\/wp-json\/wp\/v2\/tags?post=2965"}],"curies":[{"name":"wp","href":"https:\/\/api.w.org\/{rel}","templated":true}]}}