{"id":310,"date":"2014-03-07T06:05:49","date_gmt":"2014-03-07T06:05:49","guid":{"rendered":"http:\/\/nepalplus.com\/french\/?p=310"},"modified":"2014-10-19T20:15:57","modified_gmt":"2014-10-19T20:15:57","slug":"les-alpinistes-de-leverest-devront-redescendre-8-kg-de-dechets","status":"publish","type":"post","link":"https:\/\/nepalplus.com\/french\/content\/310.html","title":{"rendered":"Les alpinistes de l&#8217;Everest devront redescendre 8 kg de d\u00e9chets"},"content":{"rendered":"<h2><span style=\"font-weight: normal;\"><a href=\"http:\/\/nepalplus.com\/french\/wp-content\/uploads\/2014\/07\/4379329_5_74a4_un-sherpa-nepalais-ramasse-des-detritus_2a05c2ebd5d4107ea1ab4d08a5b2b0b4.jpg\"><img decoding=\"async\" loading=\"lazy\" class=\"aligncenter size-full wp-image-311\" title=\"4379329_5_74a4_un-sherpa-nepalais-ramasse-des-detritus_2a05c2ebd5d4107ea1ab4d08a5b2b0b4\" src=\"http:\/\/nepalplus.com\/french\/wp-content\/uploads\/2014\/07\/4379329_5_74a4_un-sherpa-nepalais-ramasse-des-detritus_2a05c2ebd5d4107ea1ab4d08a5b2b0b4.jpg\" alt=\"\" width=\"448\" height=\"315\" srcset=\"https:\/\/nepalplus.com\/french\/wp-content\/uploads\/2014\/07\/4379329_5_74a4_un-sherpa-nepalais-ramasse-des-detritus_2a05c2ebd5d4107ea1ab4d08a5b2b0b4.jpg 900w, https:\/\/nepalplus.com\/french\/wp-content\/uploads\/2014\/07\/4379329_5_74a4_un-sherpa-nepalais-ramasse-des-detritus_2a05c2ebd5d4107ea1ab4d08a5b2b0b4-300x211.jpg 300w, https:\/\/nepalplus.com\/french\/wp-content\/uploads\/2014\/07\/4379329_5_74a4_un-sherpa-nepalais-ramasse-des-detritus_2a05c2ebd5d4107ea1ab4d08a5b2b0b4-170x119.jpg 170w\" sizes=\"(max-width: 448px) 100vw, 448px\" \/><\/a><\/span><\/h2>\n<h2><span style=\"font-weight: normal;\">D\u00e8s le mois d&#8217;avril, les alpinistes qui partent \u00e0 l&#8217;assault de l&#8217;Everest devront<a href=\"http:\/\/conjugaison.lemonde.fr\/conjugaison\/premier-groupe\/ramener\" target=\"_blank\">ramener<\/a> 8 kg de d\u00e9chets, sous peine de poursuites judiciaires. Les autorit\u00e9s n\u00e9palaises ont d\u00e9cid\u00e9 de s&#8217;<a href=\"http:\/\/conjugaison.lemonde.fr\/conjugaison\/premier-groupe\/attaquer\" target=\"_blank\">attaquer<\/a> \u00e0 la pollution du toit du monde, jonch\u00e9s de d\u00e9chets laiss\u00e9s par les exp\u00e9ditions qui se succ\u00e8dent depuis des d\u00e9cennies \u00e0 un rythme de plus en plus soutenu\u00a0: bouteilles d&#8217;oxyg\u00e8ne, tentes, d\u00e9tritus divers et m\u00eame les corps d&#8217;alpinistes ayant succomb\u00e9 et qui ne se d\u00e9composent pas \u00e0 cause du froid extr\u00eame.<!--more--><br \/>\n<\/span><\/h2>\n<p><em>\u00ab\u00a0Afin de<\/em> <em><a href=\"http:\/\/conjugaison.lemonde.fr\/conjugaison\/premier-groupe\/nettoyer\" target=\"_blank\">nettoyer<\/a><\/em> <em>le mont Everest, le gouvernement a d\u00e9cid\u00e9 que chaque membre d&#8217;une exp\u00e9dition doit<\/em> <em><a href=\"http:\/\/conjugaison.lemonde.fr\/conjugaison\/premier-groupe\/ramener\" target=\"_blank\">ramener<\/a><\/em> <em>au moins huit kilos de d\u00e9chets, en plus de<a href=\"http:\/\/www.lemonde.fr\/bourse\/nyse-euronext-paris-equities\/ses\/\">ses<\/a><\/em> <em>propres d\u00e9chets\u00a0\u00bb<\/em>, a indiqu\u00e9 un responsable du minist\u00e8re n\u00e9palais du Tourisme, Madhusudan Burlakoti. Cette nouvelle r\u00e8gle s&#8217;appliquera aux alpinistes partant du camp de base, \u00e0\u00a0<a href=\"http:\/\/conjugaison.lemonde.fr\/conjugaison\/troisieme-groupe\/partir\" target=\"_blank\">partir<\/a> du mois d&#8217;avril.<\/p>\n<p>Les exp\u00e9ditions devront\u00a0<a href=\"http:\/\/conjugaison.lemonde.fr\/conjugaison\/troisieme-groupe\/soumettre\" target=\"_blank\">soumettre<\/a> leurs d\u00e9tritus \u00e0 un bureau qui va s&#8217;<a href=\"http:\/\/conjugaison.lemonde.fr\/conjugaison\/premier-groupe\/installer\" target=\"_blank\">installer<\/a> le mois proche au camp de base. Ce bureau est \u00e9galement destin\u00e9 \u00e0\u00a0<a href=\"http:\/\/conjugaison.lemonde.fr\/conjugaison\/deuxieme-groupe\/fournir\" target=\"_blank\">fournir<\/a> une assistance m\u00e9dicale et \u00e0\u00a0<a href=\"http:\/\/conjugaison.lemonde.fr\/conjugaison\/troisieme-groupe\/r%C3%A9soudre\" target=\"_blank\">r\u00e9soudre<\/a> les conflits qui \u00e9clatent parfois entre alpinistes et guides locaux.<\/p>\n<p><strong>INQUI\u00c9TUDES<\/strong><\/p>\n<p>Les exp\u00e9ditions doivent pour le moment\u00a0<a href=\"http:\/\/conjugaison.lemonde.fr\/conjugaison\/premier-groupe\/d%C3%A9poser\" target=\"_blank\">d\u00e9poser<\/a> une caution de 4\u00a0000\u00a0dollars (2\u00a0900 euros) qui leur est rendue une fois qu&#8217;elles ont prouv\u00e9, \u00e0 leur retour, qu&#8217;elles ont ramen\u00e9 mat\u00e9riel et d\u00e9tritus. Mais ce r\u00e8glement est difficile \u00e0\u00a0<a href=\"http:\/\/conjugaison.lemonde.fr\/conjugaison\/premier-groupe\/appliquer\" target=\"_blank\">appliquer<\/a>.\u00a0<em>\u00ab\u00a0Nos efforts pr\u00e9c\u00e9dents n&#8217;ont pas \u00e9t\u00e9 couronn\u00e9s de succ\u00e8s. Cette fois-ci, si les alpinistes ne ram\u00e8nent pas les d\u00e9chets, nous les poursuivrons en<\/em> <em><a href=\"http:\/\/www.lemonde.fr\/justice\/\">justice<\/a><\/em> <em>et nous les punirons\u00a0\u00bb<\/em>, a pr\u00e9venu le responsable du minist\u00e8re.<\/p>\n<p>En f\u00e9vrier, le\u00a0<a href=\"http:\/\/www.lemonde.fr\/nepal\/\">N\u00e9pal<\/a> a r\u00e9duit la somme d&#8217;argent que doit\u00a0<a href=\"http:\/\/conjugaison.lemonde.fr\/conjugaison\/premier-groupe\/payer\" target=\"_blank\">payer<\/a> chaque alpiniste pour\u00a0<a href=\"http:\/\/conjugaison.lemonde.fr\/conjugaison\/premier-groupe\/grimper\" target=\"_blank\">grimper<\/a> l&#8217;Everest et d&#8217;autres sommets, afin d&#8217;<a href=\"http:\/\/conjugaison.lemonde.fr\/conjugaison\/premier-groupe\/attirer\" target=\"_blank\">attirer<\/a> plus de touristes. Mais cette d\u00e9cision a suscit\u00e9 les inqui\u00e9tudes des d\u00e9fenseurs de la nature et de la montagne, qui redoutent un accroissement des volumes de d\u00e9tritus.<\/p>\n<p>L&#8217;Everest est une source importante de revenus pour le N\u00e9pal, un pays pauvre. Des centaines d&#8217;alpinistes se pressent sur ses pentes chaque ann\u00e9e au printemps, notamment avril et mai.<\/p>\n<p><strong>source- http:\/\/www.lemonde.fr\/planete\/article<\/strong><\/p>\n<form><\/form>\n<form><\/form>\n","protected":false},"excerpt":{"rendered":"<p>D\u00e8s le mois d&#8217;avril, les alpinistes qui partent \u00e0 l&#8217;assault de l&#8217;Everest devrontramener 8 kg de d\u00e9chets, sous peine de poursuites judiciaires. Les autorit\u00e9s n\u00e9palaises ont d\u00e9cid\u00e9 de s&#8217;attaquer \u00e0 la pollution du toit du monde, jonch\u00e9s de d\u00e9chets laiss\u00e9s par les exp\u00e9ditions qui se succ\u00e8dent depuis des d\u00e9cennies \u00e0 un rythme de plus en [&hellip;]<\/p>\n","protected":false},"author":4,"featured_media":0,"comment_status":"open","ping_status":"open","sticky":false,"template":"","format":"standard","meta":[],"categories":[7],"tags":[],"_links":{"self":[{"href":"https:\/\/nepalplus.com\/french\/wp-json\/wp\/v2\/posts\/310"}],"collection":[{"href":"https:\/\/nepalplus.com\/french\/wp-json\/wp\/v2\/posts"}],"about":[{"href":"https:\/\/nepalplus.com\/french\/wp-json\/wp\/v2\/types\/post"}],"author":[{"embeddable":true,"href":"https:\/\/nepalplus.com\/french\/wp-json\/wp\/v2\/users\/4"}],"replies":[{"embeddable":true,"href":"https:\/\/nepalplus.com\/french\/wp-json\/wp\/v2\/comments?post=310"}],"version-history":[{"count":3,"href":"https:\/\/nepalplus.com\/french\/wp-json\/wp\/v2\/posts\/310\/revisions"}],"predecessor-version":[{"id":835,"href":"https:\/\/nepalplus.com\/french\/wp-json\/wp\/v2\/posts\/310\/revisions\/835"}],"wp:attachment":[{"href":"https:\/\/nepalplus.com\/french\/wp-json\/wp\/v2\/media?parent=310"}],"wp:term":[{"taxonomy":"category","embeddable":true,"href":"https:\/\/nepalplus.com\/french\/wp-json\/wp\/v2\/categories?post=310"},{"taxonomy":"post_tag","embeddable":true,"href":"https:\/\/nepalplus.com\/french\/wp-json\/wp\/v2\/tags?post=310"}],"curies":[{"name":"wp","href":"https:\/\/api.w.org\/{rel}","templated":true}]}}