{"id":314,"date":"2014-09-18T00:34:17","date_gmt":"2014-09-18T00:34:17","guid":{"rendered":"http:\/\/nepalplus.com\/french\/?p=314"},"modified":"2014-09-19T07:49:56","modified_gmt":"2014-09-19T07:49:56","slug":"au-nepal-la-question-du-federalisme-attise-les-tensions-ethniques","status":"publish","type":"post","link":"https:\/\/nepalplus.com\/french\/content\/314.html","title":{"rendered":"Au N\u00e9pal, la question du f\u00e9d\u00e9ralisme attise les tensions ethniques"},"content":{"rendered":"<div id=\"_mcePaste\"><a href=\"http:\/\/nepalplus.com\/french\/wp-content\/uploads\/2014\/07\/soldat-n\u00e9palais.jpg\"><img decoding=\"async\" loading=\"lazy\" class=\"aligncenter size-full wp-image-315\" title=\"soldat-n\u00e9palais\" src=\"http:\/\/nepalplus.com\/french\/wp-content\/uploads\/2014\/07\/soldat-n\u00e9palais.jpg\" alt=\"\" width=\"448\" height=\"298\" srcset=\"https:\/\/nepalplus.com\/french\/wp-content\/uploads\/2014\/07\/soldat-n\u00e9palais.jpg 900w, https:\/\/nepalplus.com\/french\/wp-content\/uploads\/2014\/07\/soldat-n\u00e9palais-300x200.jpg 300w, https:\/\/nepalplus.com\/french\/wp-content\/uploads\/2014\/07\/soldat-n\u00e9palais-170x113.jpg 170w\" sizes=\"(max-width: 448px) 100vw, 448px\" \/><\/a><\/div>\n<div><\/div>\n<div>Sunder Gurung arpente la route bord\u00e9e de jardins potagers. A ses c\u00f4t\u00e9s, des militants distribuent des tracts \u00e9lectoraux en faveur du \u00ab f\u00e9d\u00e9ralisme au N\u00e9pal \u00bb aux r\u00e9sidents qui passent une t\u00eate, curieux, au-dessus de leur muret de briques. Tout autour, les massifs himalayens bombent leurs flancs luxuriants. Sous un ciel de brume, le Federal Socialist Party (FSP) m\u00e8ne campagne dans un village en bordure de Pokhara, la deuxi\u00e8me ville du N\u00e9pal, gros bourg \u00e9talant ses ruelles commer\u00e7antes entre lac et montagnes, \u00e0 200 kilom\u00e8tres \u00e0 l&#8217;ouest de Katmandou. Cheveux blancs et lunettes, \u00e9charpe de soie cr\u00e8me pass\u00e9e autour du cou, Sunder Gurung est l&#8217;un des dirigeants de la petite troupe h\u00e9riss\u00e9e de drapeaux blancs frapp\u00e9s d&#8217;un parapluie, l&#8217;embl\u00e8me qui figurera sur les bulletins de vote des candidats du FSP.<!--more--><\/div>\n<div id=\"_mcePaste\">Comme son nom l&#8217;indique, Sunder Gurung est affili\u00e9 au groupe des Gurung, l&#8217;un des peuples tib\u00e9to-birmans qui habitent les hauteurs du N\u00e9pal. A la veille des \u00e9lections constituantes du mardi 19 novembre, rendez-vous crucial pour un N\u00e9pal paralys\u00e9 par une impasse constitutionnelle depuis cinq ans, Sunder Gurung arpente les rues pour clamer son aspiration \u00e0 un N\u00e9pal f\u00e9d\u00e9ral qui ferait\u00ab justice \u00bb, \u00e0 ses yeux, \u00e0 toutes les minorit\u00e9s jusque-l\u00e0 brid\u00e9es par le centralisme de Katmandou.<\/div>\n<div id=\"_mcePaste\"><a href=\"http:\/\/nepalplus.com\/french\/wp-content\/uploads\/2014\/07\/3514996_5_a069_un-bulletin-de-vote-le-15-novembre-a_c40a99dbc713df3f6754b1a60d6a0dcf.jpg\"><img decoding=\"async\" loading=\"lazy\" class=\"aligncenter size-full wp-image-316\" title=\"3514996_5_a069_un-bulletin-de-vote-le-15-novembre-a_c40a99dbc713df3f6754b1a60d6a0dcf\" src=\"http:\/\/nepalplus.com\/french\/wp-content\/uploads\/2014\/07\/3514996_5_a069_un-bulletin-de-vote-le-15-novembre-a_c40a99dbc713df3f6754b1a60d6a0dcf.jpg\" alt=\"\" width=\"448\" height=\"302\" srcset=\"https:\/\/nepalplus.com\/french\/wp-content\/uploads\/2014\/07\/3514996_5_a069_un-bulletin-de-vote-le-15-novembre-a_c40a99dbc713df3f6754b1a60d6a0dcf.jpg 900w, https:\/\/nepalplus.com\/french\/wp-content\/uploads\/2014\/07\/3514996_5_a069_un-bulletin-de-vote-le-15-novembre-a_c40a99dbc713df3f6754b1a60d6a0dcf-300x202.jpg 300w, https:\/\/nepalplus.com\/french\/wp-content\/uploads\/2014\/07\/3514996_5_a069_un-bulletin-de-vote-le-15-novembre-a_c40a99dbc713df3f6754b1a60d6a0dcf-170x114.jpg 170w\" sizes=\"(max-width: 448px) 100vw, 448px\" \/><\/a><\/div>\n<div><\/div>\n<div>Cette question divise plus que jamais le petit Etat himalayen, coinc\u00e9 entre l&#8217;Inde et la Chine. Partisans et adversaires d&#8217;un f\u00e9d\u00e9ralisme ethnique se combattent sans merci. L&#8217;affrontement rel\u00e8ve pour l&#8217;instant de la seule joute verbale, mais la tension m\u00fbrit inexorablement. \u00ab Le N\u00e9pal est en train d&#8217;entrer dans une nouvelle phase de conflit, celle qui oppose tenants de l&#8217;int\u00e9grit\u00e9 nationale et f\u00e9d\u00e9ralistes \u00bb, analyse Ramesh Nath Pandey, ancien ministre des affaires \u00e9trang\u00e8res, \u00e0 Katmandou.\u00ab Le climat est devenu haineux entre les deux camps, s&#8217;inqui\u00e8te Kunda Dixit, le r\u00e9dacteur en chef de l&#8217;hebdomadaire Nepali Times. L&#8217;animosit\u00e9 est particuli\u00e8rement incendiaire sur les r\u00e9seaux sociaux, o\u00f9 apparaissent des st\u00e9r\u00e9otypes raciaux tels que \u201clong nez\u201d ou \u201cyeux brid\u00e9s\u201d. Dans ces conditions, on peut craindre l&#8217;\u00e9clatement d&#8217;un conflit violent. \u00bb Alors que le \u00ab p\u00e9ril rouge \u00bb s&#8217;est \u00e9mouss\u00e9 depuis l&#8217;accord de paix de 2006, avec l&#8217;entr\u00e9e dans les institutions de l&#8217;ex-gu\u00e9rilla mao\u00efste, le conflit autour du f\u00e9d\u00e9ralisme menace d&#8217;ouvrir une nouvelle br\u00e8che dans le paysage politique n\u00e9palais.<\/div>\n<div><\/div>\n<div id=\"_mcePaste\">&#8220;MINORIT\u00c9S ETHNIQUES OPPRIM\u00c9ES \u00c0 TRAVERS L&#8217;HISTOIRE&#8221;<\/div>\n<div><\/div>\n<div id=\"_mcePaste\">La naissance du FSP en 2012 t\u00e9moigne de cette recomposition des lignes de force. Ses dirigeants et membres sont des transfuges des autres partis, de droite comme de gauche. Issus des minorit\u00e9s Gurung, Tamang, Magar, Rai, Limbus (tib\u00e9to-birmans) ou Tharu et Madeshi de la plaine du Tera\u00ef (frontali\u00e8re de l&#8217;Inde), ils partagent tous la m\u00eame d\u00e9ception de l&#8217;oeuvre inaboutie de l&#8217;ex-Assembl\u00e9e constituante, en particulier son incapacit\u00e9 \u00e0 accoucher d&#8217;une Constitution consacrant la cr\u00e9ation d&#8217;Etats f\u00e9d\u00e9r\u00e9s adoss\u00e9s \u00e0 la mosa\u00efque ethnique du pays.Or une telle architecture tiendrait, pour eux, de la r\u00e9paration historique. \u00ab Toutes ces minorit\u00e9s ethniques ont \u00e9t\u00e9 opprim\u00e9es \u00e0 travers l&#8217;histoire, souligne Sunder Gurung. Leurs cultures, langues et traditions n&#8217;ont cess\u00e9 de s&#8217;affaiblir. \u00bb La r\u00e9sistance \u00e0 laquelle se heurte leur actuel r\u00e9veil identitaire \u00e9mane \u00ab des castes sup\u00e9rieures hindoues \u2013 brahmanes et kshatri \u2013 qui veulent maintenir leur supr\u00e9matie traditionnelle \u00bb, pr\u00e9cise-t-il. Les mao\u00efstes eux-m\u00eames, qui sont pourtant les premiers \u00e0 avoir popularis\u00e9 l&#8217;id\u00e9e d&#8217;un f\u00e9d\u00e9ralisme ethnique afin d&#8217;attirer les minorit\u00e9s dans la gu\u00e9rilla (1996-2006), sont aujourd&#8217;hui jug\u00e9s trop timor\u00e9s par le FSP. \u00ab Ils n&#8217;ont pas prouv\u00e9 qu&#8217;ils \u00e9taient sinc\u00e8res et s\u00e9rieux sur cette question du f\u00e9d\u00e9ralisme \u00bb, se plaint Sunder Gurung.<\/div>\n<div id=\"_mcePaste\"><a href=\"http:\/\/nepalplus.com\/french\/wp-content\/uploads\/2014\/07\/3514995_5_089d_un-militaire-devant-une-affiche-du-parti_eeb74fd212087df3082fb354e0e9f786.jpg\"><img decoding=\"async\" loading=\"lazy\" class=\"aligncenter size-full wp-image-317\" title=\"3514995_5_089d_un-militaire-devant-une-affiche-du-parti_eeb74fd212087df3082fb354e0e9f786\" src=\"http:\/\/nepalplus.com\/french\/wp-content\/uploads\/2014\/07\/3514995_5_089d_un-militaire-devant-une-affiche-du-parti_eeb74fd212087df3082fb354e0e9f786.jpg\" alt=\"\" width=\"448\" height=\"274\" srcset=\"https:\/\/nepalplus.com\/french\/wp-content\/uploads\/2014\/07\/3514995_5_089d_un-militaire-devant-une-affiche-du-parti_eeb74fd212087df3082fb354e0e9f786.jpg 900w, https:\/\/nepalplus.com\/french\/wp-content\/uploads\/2014\/07\/3514995_5_089d_un-militaire-devant-une-affiche-du-parti_eeb74fd212087df3082fb354e0e9f786-300x183.jpg 300w, https:\/\/nepalplus.com\/french\/wp-content\/uploads\/2014\/07\/3514995_5_089d_un-militaire-devant-une-affiche-du-parti_eeb74fd212087df3082fb354e0e9f786-170x104.jpg 170w\" sizes=\"(max-width: 448px) 100vw, 448px\" \/><\/a><\/div>\n<div><\/div>\n<div>Dans l&#8217;autre camp, celui des opposants \u00e0 tout f\u00e9d\u00e9ralisme ethnique, la fi\u00e8vre monte \u00e9galement. A Pokhara, Dil Bahadur Kshetry re\u00e7oit dans une maison \u00e0 \u00e9tages aux vastes salles de travail, le si\u00e8ge de la Kshatri Society Nepal. Le mouvement se veut le d\u00e9fenseur des int\u00e9r\u00eats des kshatri \u2013 ou \u00ab chhetri \u00bb \u2013, la caste sup\u00e9rieure class\u00e9e en deuxi\u00e8me position derri\u00e8re les brahmanes dans l&#8217;ordre rituel socio-religieux hindou.<\/div>\n<div><\/div>\n<div id=\"_mcePaste\">Repr\u00e9sentant aujourd&#8217;hui autour de 15% de la population n\u00e9palaise, les kshatri sont les descendants de la caste des guerriers qui ont jou\u00e9 un r\u00f4le-cl\u00e9 dans l&#8217;unification du N\u00e9pal \u00e0 la fin du XVIIIe si\u00e8cle. Dil Bahadur Kshetry n&#8217;est pas contre le f\u00e9d\u00e9ralisme en soi. Il n&#8217;est pas hostile \u00e0 un d\u00e9coupage territorial fond\u00e9 sur les r\u00e9alit\u00e9s g\u00e9ographiques, avec des Etats empruntant leur nom \u00e0 des vall\u00e9es, rivi\u00e8res ou montagnes. Mais il met vertement en garde contre un f\u00e9d\u00e9ralisme ancr\u00e9 dans des particularismes ethniques et qui verrait la formation d&#8217;un \u00ab Etat gurung \u00bb, d&#8217;un \u00ab Etat tamang \u00bb, d&#8217;un \u00ab Etat limbu \u00bb\u2026<\/div>\n<div id=\"_mcePaste\">Voir l&#8217;infographie : Les d\u00e9fis ethniques du N\u00e9pal<\/div>\n<div id=\"_mcePaste\">\u00ab Ce f\u00e9d\u00e9ralisme ethnique porte en germe la d\u00e9sint\u00e9gration du pays, l&#8217;effondrement de la nation \u00bb, avertit-il sur un ton dramatique. Et de menacer : \u00ab Si ce type de f\u00e9d\u00e9ralisme nous est impos\u00e9, vous verrez que les castes brahmanes, kshatri et thakuri descendront dans la rue. Elles ne pourront accepter la disparition du N\u00e9pal. \u00bb Tant de catastrophisme laisse de marbre le f\u00e9d\u00e9raliste Sunder Gurung. \u00ab Ceux qui dramatisent ainsi sont ceux qui ont toujours domin\u00e9 le pays et veulent conserver le pouvoir entre leurs mains \u00bb, estime-t-il.<\/div>\n<div id=\"_mcePaste\">UN \u00ab ETAT MADESH \u00bb POUR SE LIB\u00c9RER DES \u00ab COLLINES \u00bb<\/div>\n<div><\/div>\n<div id=\"_mcePaste\">Reste que la perspective d&#8217;un f\u00e9d\u00e9ralisme \u00e0 fondement ethnique attise des contradictions, y compris au sein des minorit\u00e9s qui le pr\u00e9conisent. Certains s&#8217;alarment m\u00eame du risque d&#8217;un sc\u00e9nario de type \u00ab bosniaque \u00bb, o\u00f9 la minorit\u00e9 dans la minorit\u00e9 serait tent\u00e9e \u00e0 son tour de faire s\u00e9cession. La plaine du Tera\u00ef, qui s&#8217;\u00e9tale au pied des contreforts himalayens le long de la fronti\u00e8re indienne, offre un cas d&#8217;\u00e9cole de cet embo\u00eetement ethnique, complexifiant l&#8217;hypoth\u00e8se f\u00e9d\u00e9rale. Les Madeshi \u2013 population d&#8217;origine indienne \u2013 ont \u00e9t\u00e9 les premiers \u00e0 brandir l&#8217;\u00e9tendard du f\u00e9d\u00e9ralisme d\u00e8s les ann\u00e9es 2007-2008. Ils r\u00e9clamaient un \u00ab Etat madesh \u00bb leur permettant s&#8217;affranchir de la tutelle hautaine exerc\u00e9e par l&#8217;univers des \u00ab collines \u00bb, c&#8217;est-\u00e0-dire l&#8217;\u00e9lite de Katmandou.<\/div>\n<div><\/div>\n<div id=\"_mcePaste\">Un autre groupe de la plaine du Tera\u00ef, la communaut\u00e9 indig\u00e8ne des Tharu, s&#8217;est alors dress\u00e9e pour refuser de tomber sous la coupe de cet \u00ab Etat madesh \u00bb s&#8217;il venait \u00e0 exister. \u00ab Les Madeshi sont des immigr\u00e9s venus d&#8217;Inde depuis deux cents ans tandis que les Tharu sont les occupants historiques du Tera\u00ef \u00bb, explique \u00e0 Katmandou Gopal Dahit, dirigeant de la Tharu Buddhist Society, l&#8217;un des mouvements tharu militant pour la cr\u00e9ation d&#8217;un Etat sp\u00e9cifique, qui prendrait pour nom \u00ab Tharuhat \u00bb et serait distinct d&#8217;un \u00e9ventuel \u00ab Etat madesh \u00bb. Il n&#8217;est pas rare que les Tharu bloquent les routes pour se faire entendre, r\u00e9pondant \u00e0 des actions similaires des Madeshi.<\/div>\n<div><\/div>\n<div>\n<p class=\"blocsignature\" style=\"margin: 0cm 0cm 0.0001pt; line-height: 13.5pt; background-position: initial initial; background-repeat: initial initial;\"><strong><span style=\"font-size: 10.0pt; font-family: &amp;amp; amp; color: #a2a9ae;\">LE MONDE<\/span> | 16.11.2013 \u00e0 10h16 \u2022 Mis \u00e0 jour le 20.11.2013 \u00e0 08h51 |<span class=\"auteur\"><span style=\"box-sizing: border-box;\"><a style=\"box-sizing: border-box; text-decoration: initial; cursor: pointer;\" href=\"http:\/\/www.lemonde.fr\/journaliste\/frederic-bobin\/\" target=\"_blank\"><span style=\"box-sizing: border-box;\"><span style=\"color: #a2a9ae;\">Fr\u00e9d\u00e9ric Bobin<\/span><\/span><\/a><\/span> <span class=\"auteur\">(Pokhara, N\u00e9pal, envoy\u00e9 sp\u00e9cial)<\/span><\/span><\/strong><\/p>\n<\/div>\n","protected":false},"excerpt":{"rendered":"<p>Sunder Gurung arpente la route bord\u00e9e de jardins potagers. A ses c\u00f4t\u00e9s, des militants distribuent des tracts \u00e9lectoraux en faveur du \u00ab f\u00e9d\u00e9ralisme au N\u00e9pal \u00bb aux r\u00e9sidents qui passent une t\u00eate, curieux, au-dessus de leur muret de briques. Tout autour, les massifs himalayens bombent leurs flancs luxuriants. Sous un ciel de brume, le Federal [&hellip;]<\/p>\n","protected":false},"author":4,"featured_media":0,"comment_status":"open","ping_status":"open","sticky":false,"template":"","format":"standard","meta":[],"categories":[9],"tags":[],"_links":{"self":[{"href":"https:\/\/nepalplus.com\/french\/wp-json\/wp\/v2\/posts\/314"}],"collection":[{"href":"https:\/\/nepalplus.com\/french\/wp-json\/wp\/v2\/posts"}],"about":[{"href":"https:\/\/nepalplus.com\/french\/wp-json\/wp\/v2\/types\/post"}],"author":[{"embeddable":true,"href":"https:\/\/nepalplus.com\/french\/wp-json\/wp\/v2\/users\/4"}],"replies":[{"embeddable":true,"href":"https:\/\/nepalplus.com\/french\/wp-json\/wp\/v2\/comments?post=314"}],"version-history":[{"count":8,"href":"https:\/\/nepalplus.com\/french\/wp-json\/wp\/v2\/posts\/314\/revisions"}],"predecessor-version":[{"id":319,"href":"https:\/\/nepalplus.com\/french\/wp-json\/wp\/v2\/posts\/314\/revisions\/319"}],"wp:attachment":[{"href":"https:\/\/nepalplus.com\/french\/wp-json\/wp\/v2\/media?parent=314"}],"wp:term":[{"taxonomy":"category","embeddable":true,"href":"https:\/\/nepalplus.com\/french\/wp-json\/wp\/v2\/categories?post=314"},{"taxonomy":"post_tag","embeddable":true,"href":"https:\/\/nepalplus.com\/french\/wp-json\/wp\/v2\/tags?post=314"}],"curies":[{"name":"wp","href":"https:\/\/api.w.org\/{rel}","templated":true}]}}