{"id":3205,"date":"2025-04-23T13:04:09","date_gmt":"2025-04-23T13:04:09","guid":{"rendered":"https:\/\/nepalplus.com\/french\/?p=3205"},"modified":"2025-04-23T13:19:41","modified_gmt":"2025-04-23T13:19:41","slug":"nepal-1968-memoire-dun-voyage-hors-du-temps","status":"publish","type":"post","link":"https:\/\/nepalplus.com\/french\/content\/3205.html","title":{"rendered":"N\u00e9pal 1968 : M\u00e9moire d\u2019un voyage hors du temps"},"content":{"rendered":"<p>Par Anuradha PAUDEL\/ Gif sur Yvette<\/p>\n<p><a href=\"https:\/\/nepalplus.com\/french\/wp-content\/uploads\/2025\/04\/Dominique-DOUELLOU-1-scaled.jpg\"><img decoding=\"async\" loading=\"lazy\" class=\"aligncenter size-large wp-image-3217\" src=\"https:\/\/nepalplus.com\/french\/wp-content\/uploads\/2025\/04\/Dominique-DOUELLOU-1-1024x730.jpg\" alt=\"\" width=\"1024\" height=\"730\" srcset=\"https:\/\/nepalplus.com\/french\/wp-content\/uploads\/2025\/04\/Dominique-DOUELLOU-1-1024x730.jpg 1024w, https:\/\/nepalplus.com\/french\/wp-content\/uploads\/2025\/04\/Dominique-DOUELLOU-1-300x214.jpg 300w, https:\/\/nepalplus.com\/french\/wp-content\/uploads\/2025\/04\/Dominique-DOUELLOU-1-768x547.jpg 768w, https:\/\/nepalplus.com\/french\/wp-content\/uploads\/2025\/04\/Dominique-DOUELLOU-1-1536x1095.jpg 1536w, https:\/\/nepalplus.com\/french\/wp-content\/uploads\/2025\/04\/Dominique-DOUELLOU-1-2048x1460.jpg 2048w\" sizes=\"(max-width: 1024px) 100vw, 1024px\" \/><\/a><\/p>\n<div id=\"attachment_3207\" style=\"width: 155px\" class=\"wp-caption alignleft\"><a href=\"https:\/\/nepalplus.com\/french\/wp-content\/uploads\/2025\/04\/Anuradha-paudel.jpg\"><img aria-describedby=\"caption-attachment-3207\" decoding=\"async\" loading=\"lazy\" class=\" wp-image-3207\" src=\"https:\/\/nepalplus.com\/french\/wp-content\/uploads\/2025\/04\/Anuradha-paudel.jpg\" alt=\"\" width=\"145\" height=\"183\" srcset=\"https:\/\/nepalplus.com\/french\/wp-content\/uploads\/2025\/04\/Anuradha-paudel.jpg 834w, https:\/\/nepalplus.com\/french\/wp-content\/uploads\/2025\/04\/Anuradha-paudel-238x300.jpg 238w, https:\/\/nepalplus.com\/french\/wp-content\/uploads\/2025\/04\/Anuradha-paudel-813x1024.jpg 813w, https:\/\/nepalplus.com\/french\/wp-content\/uploads\/2025\/04\/Anuradha-paudel-768x968.jpg 768w\" sizes=\"(max-width: 145px) 100vw, 145px\" \/><\/a><p id=\"caption-attachment-3207\" class=\"wp-caption-text\">Anuradha Paudel<\/p><\/div>\n<p>Dominique DOUELLOU, retrait\u00e9, aux cheveux grisonnants, toujours aimable et souriant, r\u00e9side \u00e0 Chevreuse, une vall\u00e9e verdoyante et pittoresque pr\u00e8s de Paris. Un jour, quelqu\u2019un lui a dit que j\u2019\u00e9tais originaire du N\u00e9pal. Apprenant que j\u2019\u00e9tais n\u00e9palaise, il m\u2019a invit\u00e9e chez lui pour partager son r\u00e9cit de voyage. Avec plaisir, notre couple s&#8217;est rendu chez lui. Il nous a montr\u00e9 une soixantaine de photos, tr\u00e8s prot\u00e9g\u00e9es, prises lors de son s\u00e9jour au N\u00e9pal, ainsi qu\u2019un carnet de voyage d\u00e9taillant ses visites quotidiennes. Ayant voyag\u00e9 en 1968, il a commenc\u00e9 par dire : \u00ab Je n\u2019aurais jamais pens\u00e9 rencontrer un N\u00e9palais ici apr\u00e8s tant d\u2019ann\u00e9es. \u00bb<\/p>\n<p>Lors de notre visite chez lui, il nous a montr\u00e9 un carnet rouge en disant : \u00ab En feuilletant ce carnet apr\u00e8s six d\u00e9cennies, les souvenirs du N\u00e9pal me reviennent en t\u00eate. Quelle \u00e9motion ! Le pays a s\u00fbrement chang\u00e9 depuis. Certainement, la g\u00e9ographie reste la m\u00eame, mais l\u2019urbanisation a progress\u00e9. \u00bb Au milieu du carnet, il avait coll\u00e9 un ancien billet n\u00e9palais qui n\u2019existe pas maintenant. Son passeport portait un visa d\u00e9livr\u00e9 par le gouvernement Panchayat, syst\u00e8me du monarque absolu. Ce qui est particuli\u00e8rement int\u00e9ressant pour nous. Un moulin \u00e0 pri\u00e8res sur la table basse du s\u00e9jour, une &#8220;machette n\u00e9palaise&#8221;, il a ajout\u00e9 : \u00ab Je l\u2019ai achet\u00e9e \u00e0 la place Durbar de Katmandou, o\u00f9 r\u00e9side la d\u00e9esse vivante Kumari. \u00bb<\/p>\n<p>Sur le mur de son s\u00e9jour, \u00e9tait accroch\u00e9e une photo du Bouddha g\u00e9ant de Bamiyan en Afghanistan, d\u00e9truit plus tard par les Talibans. \u00c0 l\u2019\u00e9poque de sa visite, la statue \u00e9tait endommag\u00e9e mais pas encore d\u00e9truite.<\/p>\n<p><strong>Voici son voyage de 1968 \u00e0 ses mots :<\/strong><\/p>\n<p><a href=\"https:\/\/nepalplus.com\/french\/wp-content\/uploads\/2025\/04\/Dominique-DOUELLOU-scaled.jpg\"><img decoding=\"async\" loading=\"lazy\" class=\"aligncenter size-large wp-image-3219\" src=\"https:\/\/nepalplus.com\/french\/wp-content\/uploads\/2025\/04\/Dominique-DOUELLOU-1024x769.jpg\" alt=\"\" width=\"1024\" height=\"769\" srcset=\"https:\/\/nepalplus.com\/french\/wp-content\/uploads\/2025\/04\/Dominique-DOUELLOU-1024x769.jpg 1024w, https:\/\/nepalplus.com\/french\/wp-content\/uploads\/2025\/04\/Dominique-DOUELLOU-300x225.jpg 300w, https:\/\/nepalplus.com\/french\/wp-content\/uploads\/2025\/04\/Dominique-DOUELLOU-768x577.jpg 768w, https:\/\/nepalplus.com\/french\/wp-content\/uploads\/2025\/04\/Dominique-DOUELLOU-1536x1153.jpg 1536w, https:\/\/nepalplus.com\/french\/wp-content\/uploads\/2025\/04\/Dominique-DOUELLOU-2048x1537.jpg 2048w\" sizes=\"(max-width: 1024px) 100vw, 1024px\" \/><\/a>Quand j\u2019\u00e9tais jeune, j\u2019aimais voyager. Avant d\u2019aller au N\u00e9pal, j\u2019avais visit\u00e9 l\u2019Afghanistan vers 1966. Les civilisations religieuses et culturelles d\u2019Asie m\u2019attiraient naturellement.<\/p>\n<p>\u00c0 cette \u00e9poque, le roi Mahendra du N\u00e9pal avait visit\u00e9 Paris \u00e0 l\u2019invitation du pr\u00e9sident fran\u00e7ais Charles de Gaulle. Le N\u00e9pal \u00e9tait alors consid\u00e9r\u00e9 comme un pays tr\u00e8s important pour la France en raison de sa position g\u00e9opolitique : l\u2019Inde au sud, le Tibet et la Chine au nord. Non pas seulement g\u00e9opolitiquement, mais g\u00e9ographiquement aussi, la France a les Alpes, et le N\u00e9pal a l\u2019Himalaya. Lors de cette visite, des objets artisanaux n\u00e9palais apport\u00e9s par le roi Mahendra furent expos\u00e9s au mus\u00e9e Guimet \u00e0 Paris. Je me souviens que les Fran\u00e7ais avaient accueilli sa visite avec beaucoup d\u2019int\u00e9r\u00eat et de douceur. Le nom du N\u00e9pal \u00e9voquait une attraction particuli\u00e8re. Tout le monde avait entendu parler de l\u2019Annapurna.<\/p>\n<p>Je voulais visiter un pays unique, non touch\u00e9 par la modernit\u00e9 \u00e0 l\u2019\u00e9poque.<\/p>\n<p>En 1968, une grande manifestation \u00e9tudiante eut lieu \u00e0 l\u2019universit\u00e9 de la Sorbonne \u00e0 Paris, r\u00e9clamant la modernisation de l\u2019\u00e9ducation et l\u2019autonomie des universit\u00e9s. J\u2019\u00e9tais \u00e9galement \u00e9tudiant dans cette universit\u00e9. La police avait install\u00e9 des barricades partout. Avec le soutien croissant des jeunes travailleurs, la situation s\u2019est intensifi\u00e9e et est devenue violente.<\/p>\n<p>Profitant de cette occasion, mon ami et moi avons planifi\u00e9 un voyage au N\u00e9pal. Nous n\u2019avions pas beaucoup d\u2019argent pour voyager. Nous faisions de l\u2019auto-stop en levant le pouce pour indiquer notre destination. Nous \u00e9tions des \u00e9tudiants d\u00e9sireux de voyager avec un budget limit\u00e9.<\/p>\n<p>\u00c0 cette \u00e9poque, il n\u2019y avait pas de vol direct de Paris au N\u00e9pal. Nous avons voyag\u00e9 via Paris\u2013Le Caire\u2013Bombay, puis B\u00e9nar\u00e8s, ensuite Patna \u00e0 la fronti\u00e8re indo-n\u00e9palaise, et enfin Katmandou. Les vols \u00e9taient souvent perturb\u00e9s. Apr\u00e8s que l\u2019\u00c9gypte eut pris le contr\u00f4le total du canal de Suez en 1956, la crise qui en r\u00e9sulta perturba les vols. Nous avons pass\u00e9 une journ\u00e9e au Caire, craignant que l\u2019avion ne d\u00e9colle pas, mais finalement, il a d\u00e9coll\u00e9.<\/p>\n<p>Tous les voyages sont remplis de curiosit\u00e9. Mais apr\u00e8s \u00eatre arriv\u00e9s \u00e0 B\u00e9nar\u00e8s, la vue \u00e9tait d\u00e9primante : des foules de mendiants, de personnes handicap\u00e9es, une acceptation silencieuse de la souffrance. L\u2019atmosph\u00e8re \u00e9tait d\u00e9sesp\u00e9rante. Tr\u00e8s oppressante.<\/p>\n<p>Mais d\u00e8s notre arriv\u00e9e \u00e0 Katmandou, tout a chang\u00e9. Des visages lumineux, de la musique, des rues r\u00e9sonnant de rires. D\u00e8s que je suis arriv\u00e9 \u00e0 Katmandou, j&#8217;ai vu un changement dans tout. Des visages rayonnants, de la musique, des rues remplies de rires. (C&#8217;\u00e9tait la p\u00e9riode de la f\u00eate de Gai Jatra).<\/p>\n<p><a href=\"https:\/\/nepalplus.com\/french\/wp-content\/uploads\/2025\/04\/PXL_20250322_141602125-1-scaled.jpg\"><img decoding=\"async\" loading=\"lazy\" class=\"aligncenter size-large wp-image-3220\" src=\"https:\/\/nepalplus.com\/french\/wp-content\/uploads\/2025\/04\/PXL_20250322_141602125-1-1024x768.jpg\" alt=\"\" width=\"1024\" height=\"768\" srcset=\"https:\/\/nepalplus.com\/french\/wp-content\/uploads\/2025\/04\/PXL_20250322_141602125-1-1024x768.jpg 1024w, https:\/\/nepalplus.com\/french\/wp-content\/uploads\/2025\/04\/PXL_20250322_141602125-1-300x225.jpg 300w, https:\/\/nepalplus.com\/french\/wp-content\/uploads\/2025\/04\/PXL_20250322_141602125-1-768x576.jpg 768w, https:\/\/nepalplus.com\/french\/wp-content\/uploads\/2025\/04\/PXL_20250322_141602125-1-1536x1152.jpg 1536w, https:\/\/nepalplus.com\/french\/wp-content\/uploads\/2025\/04\/PXL_20250322_141602125-1-2048x1536.jpg 2048w\" sizes=\"(max-width: 1024px) 100vw, 1024px\" \/><\/a>La d\u00e9esse vivante Kumari r\u00e9sidait sur la place Durbar de Katmandou. Elle \u00e9tait port\u00e9e dans un palanquin, mais son visage n&#8217;\u00e9tait pas visible. Pourtant, j&#8217;ai \u00e9t\u00e9 \u00e9merveill\u00e9 \u2013 un tel environnement, un tel respect. Une telle atmosph\u00e8re. C&#8217;\u00e9tait comme si la lumi\u00e8re se posait sur l&#8217;ombre noire de ce voyage.<\/p>\n<p>J&#8217;ai voyag\u00e9 sur les cinq continents. Mais je n&#8217;ai jamais vu un \u00e9cart culturel aussi profond que celui que j&#8217;ai ressenti entre B\u00e9nar\u00e8s et Katmandou, \u00e0 seulement quelques heures de trajet en bus. C&#8217;\u00e9tait un v\u00e9ritable choc culturel positif pour moi.<\/p>\n<p>En France, nous avons aussi une figure symbolique repr\u00e9sentant la France, une femme appel\u00e9e &#8220;Marianne&#8221;. Elle est consid\u00e9r\u00e9e comme une m\u00e8re symbolique, unifiant la R\u00e9publique fran\u00e7aise et ses citoyens. Elle est repr\u00e9sent\u00e9e sous forme d&#8217;\u0153uvres d&#8217;art dans chaque municipalit\u00e9. Bien qu&#8217;elle ne soit pas vivante, au N\u00e9pal, il existe une d\u00e9esse vivante, Kumari, qui symbolise presque la m\u00eame chose.<\/p>\n<p>Au N\u00e9pal, la puissance f\u00e9minine est v\u00e9n\u00e9r\u00e9e, respect\u00e9e. Bien que la d\u00e9esse vivante soit choisie selon des traditions religieuses et des coutumes, je pense que l&#8217;identit\u00e9 symbolique du N\u00e9pal est incarn\u00e9e par ces d\u00e9esses vivantes. Tout comme Marianne est l&#8217;identit\u00e9 nationale de la France, l&#8217;\u00e2me culturelle du N\u00e9pal s&#8217;exprime \u00e0 travers la d\u00e9esse vivante.<\/p>\n<p>Le N\u00e9pal est \u00e9galement un pays unique en termes de tol\u00e9rance religieuse, o\u00f9 hindous et bouddhistes rendent un culte commun au m\u00eame endroit. Les adeptes des deux religions peuvent prier ensemble dans un m\u00eame temple. C&#8217;est une le\u00e7on pr\u00e9cieuse que le N\u00e9pal peut offrir au monde \u2013 la tol\u00e9rance religieuse et la coexistence culturelle, qui sont aujourd&#8217;hui d&#8217;une importance capitale.<\/p>\n<p>La m\u00e9moire la plus pr\u00e9cieuse de ce voyage a \u00e9t\u00e9 lorsqu&#8217;un jour, en prenant un taxi pour Bhaktapur (anciennement Bh\u00e2dg\u00e2un), nous avons rencontr\u00e9 un moine bouddhiste marchant sur le chemin. Il tenait un moulin \u00e0 pri\u00e8res. Nous l&#8217;avons accompagn\u00e9 jusqu&#8217;\u00e0 Bhaktapur. Avant de partir, il m&#8217;a joyeusement offert un &#8220;moulin \u00e0 pri\u00e8res&#8221;. L\u2019objet sacr\u00e9, pos\u00e9 sur la table, contient des mantras cach\u00e9s \u00e0 l&#8217;int\u00e9rieur, mais je ne sais pas lesquels, bien qu&#8217;on croie qu&#8217;ils soient sacr\u00e9s.<\/p>\n<p>\u00c0 ce moment-l\u00e0, les rizi\u00e8res autour de Katmandou, Bhaktapur et Patan \u00e9taient magnifiques. La rivi\u00e8re Bagmati les traversait. Le long de la route, il y avait des sentiers en terre o\u00f9 l&#8217;on pouvait se d\u00e9placer \u00e0 v\u00e9lo. Des v\u00e9los \u00e9taient disponibles \u00e0 la location. Les maisons en briques artistiques donnaient un aspect majestueux \u00e0 ces villes. En v\u00e9rit\u00e9, ces villes \u00e9taient de v\u00e9ritables exemples de l&#8217;art. Les toits des temples \u00e9taient orn\u00e9s de motifs splendides. Les temples de style Shikhara \u00e9taient particuli\u00e8rement beaux.<\/p>\n<p>Apr\u00e8s avoir explor\u00e9 Katmandou, Bhaktapur et Patan, nous nous sommes rendus dans la vall\u00e9e de l&#8217;Annapurna, c&#8217;est-\u00e0-dire \u00e0 Pokhara. \u00c0 l&#8217;\u00e9poque, il n&#8217;y avait pas de vols quotidiens entre Katmandou et Pokhara, seulement deux ou trois fois par semaine. Des avions de type &#8220;Dakota DC-3&#8221; \u00e9taient utilis\u00e9s, ce sont des avions de petite taille utilis\u00e9s pour transporter des soldats pendant la guerre. Les \u00c9tats-Unis avaient utilis\u00e9 ce mod\u00e8le d&#8217;avion pendant la guerre du Vietnam. Au N\u00e9pal, ce type d\u2019avion \u00e9tait sous la marque &#8220;Royal Nepal Airlines Corporation&#8221;. Les pilotes attachaient les sacs \u00e0 l&#8217;avant avec des cordes, et les passagers s&#8217;asseyaient \u00e0 l&#8217;arri\u00e8re. Plus tard, le nom a \u00e9t\u00e9 raccourci et est devenu simplement &#8220;Royal Nepal Airlines&#8221;.<\/p>\n<p><a href=\"https:\/\/nepalplus.com\/french\/wp-content\/uploads\/2025\/04\/PXL_20250322_152307178.MP_-scaled.jpg\"><img decoding=\"async\" loading=\"lazy\" class=\"aligncenter size-large wp-image-3211\" src=\"https:\/\/nepalplus.com\/french\/wp-content\/uploads\/2025\/04\/PXL_20250322_152307178.MP_-1024x768.jpg\" alt=\"\" width=\"1024\" height=\"768\" srcset=\"https:\/\/nepalplus.com\/french\/wp-content\/uploads\/2025\/04\/PXL_20250322_152307178.MP_-1024x768.jpg 1024w, https:\/\/nepalplus.com\/french\/wp-content\/uploads\/2025\/04\/PXL_20250322_152307178.MP_-300x225.jpg 300w, https:\/\/nepalplus.com\/french\/wp-content\/uploads\/2025\/04\/PXL_20250322_152307178.MP_-768x576.jpg 768w, https:\/\/nepalplus.com\/french\/wp-content\/uploads\/2025\/04\/PXL_20250322_152307178.MP_-1536x1152.jpg 1536w, https:\/\/nepalplus.com\/french\/wp-content\/uploads\/2025\/04\/PXL_20250322_152307178.MP_-2048x1536.jpg 2048w\" sizes=\"(max-width: 1024px) 100vw, 1024px\" \/><\/a>Nous avons eu l&#8217;opportunit\u00e9 de voyager dans l&#8217;un de ces avions. Lorsque nous survolions Pokhara, le pilote a dit en anglais : &#8220;Il y a des b\u00eates qui sont en train de pa\u00eetre sur la piste d&#8217;atterrissage.&#8221; Il a effectu\u00e9 une man\u0153uvre pour les disperser, puis l&#8217;avion a atterri. On a dit que ce sont des yaks. Les yaks avaient \u00e9t\u00e9 apport\u00e9s par des r\u00e9fugi\u00e9s tib\u00e9tains, ou \u00e9taient-ils utilis\u00e9s comme b\u00e9tail ? Ou \u00e9tait-ce juste une confusion ? Je ne sais pas. Cependant, cette sc\u00e8ne nous a paru \u00e9trange, car en France, nous n&#8217;avions jamais vu cela. La piste est divis\u00e9e entre les b\u00eates et les avions.<\/p>\n<p>Pokhara, \u00e0 cette \u00e9poque, semblait vraiment un paradis \u2013 entour\u00e9e de verdure, de rizi\u00e8res luxuriantes, et au nord, la cha\u00eene de l&#8217;Annapurna. Nous avons grimp\u00e9 sur les neuf collines (Nau Danda) pour admirer le lever du soleil. Les collines \u00e9taient vertes, paisibles. Sur une \u00eele au centre du lac Phewa, se trouvait un temple Tal Baarahi, que nous avons atteint en bateau.<\/p>\n<p>Le lendemain, nous avons commenc\u00e9 une randonn\u00e9e depuis Sarangkot, traversant les collines de Nau Danda. Nous avons rencontr\u00e9 des agriculteurs locaux, tr\u00e8s gentils et accueillants. Nous avons vu un village de r\u00e9fugi\u00e9s tib\u00e9tains r\u00e9cemment arriv\u00e9s du Tibet. Nous avons demand\u00e9 \u00e0 passer la nuit chez les villageois et ils nous ont accueillis chaleureusement, nous avons mang\u00e9 leur nourriture locale.<\/p>\n<p>Apr\u00e8s ce voyage, nous sommes retourn\u00e9s \u00e0 Paris. Le N\u00e9pal m&#8217;est apparu comme un v\u00e9ritable paradis \u2013 le pays des dieux, le pays de l&#8217;Everest, le toit du monde, le pays des Himalayas. Un endroit o\u00f9 il y a plus de huit montagnes de plus de 8 000 m\u00e8tres, o\u00f9 il y a des d\u00e9esses vivantes, o\u00f9 la tol\u00e9rance religieuse est au plus haut niveau, o\u00f9 les gens sont joyeux et heureux, sans trace de tristesse. (Cela date d&#8217;il y a six d\u00e9cennies, ne vous y trompez pas !)<\/p>\n<p>J&#8217;ai partag\u00e9 toutes ces exp\u00e9riences avec mes enfants, petits-enfants et arri\u00e8re-petits-enfants. Aujourd&#8217;hui, mes petits-enfants grandissent aussi. Ma passion pour les voyages fait partie de la tradition familiale. Aujourd&#8217;hui, cette &#8220;tradition de voyage&#8221; a \u00e9t\u00e9 transmise \u00e0 mes enfants et petits-enfants, et m\u00eame ma petite-fille \u00c9milie a visit\u00e9 le N\u00e9pal. Apr\u00e8s le terrible tremblement de terre de 2015, elle y est retourn\u00e9e apr\u00e8s avoir aid\u00e9 \u00e0 reconstruire une \u00e9cole d\u00e9truite. Elle aussi montre une forte attraction pour le N\u00e9pal. Ainsi, le N\u00e9pal est devenu le pays de voyage de notre famille, un endroit ancr\u00e9 dans nos \u00e2mes.<\/p>\n<p><em><strong><span class=\"HwtZe\" lang=\"fr\"><span class=\"jCAhz ChMk0b\"><span class=\"ryNqvb\">Vous souhaitez partager vos exp\u00e9riences, photos, souvenirs du N\u00e9pal avec d&#8217;autres ?<\/span><\/span> <span class=\"jCAhz ChMk0b\"><span class=\"ryNqvb\">Alors, envoyez-nous \u00e0 : nepalclick@gmail.com<\/span><\/span><\/span><\/strong><\/em><\/p>\n","protected":false},"excerpt":{"rendered":"<p>Par Anuradha PAUDEL\/ Gif sur Yvette Dominique DOUELLOU, retrait\u00e9, aux cheveux grisonnants, toujours aimable et souriant, r\u00e9side \u00e0 Chevreuse, une vall\u00e9e verdoyante et pittoresque pr\u00e8s de Paris. Un jour, quelqu\u2019un lui a dit que j\u2019\u00e9tais originaire du N\u00e9pal. Apprenant que j\u2019\u00e9tais n\u00e9palaise, il m\u2019a invit\u00e9e chez lui pour partager son r\u00e9cit de voyage. Avec plaisir, [&hellip;]<\/p>\n","protected":false},"author":4,"featured_media":3217,"comment_status":"open","ping_status":"open","sticky":false,"template":"","format":"standard","meta":[],"categories":[28,18],"tags":[],"_links":{"self":[{"href":"https:\/\/nepalplus.com\/french\/wp-json\/wp\/v2\/posts\/3205"}],"collection":[{"href":"https:\/\/nepalplus.com\/french\/wp-json\/wp\/v2\/posts"}],"about":[{"href":"https:\/\/nepalplus.com\/french\/wp-json\/wp\/v2\/types\/post"}],"author":[{"embeddable":true,"href":"https:\/\/nepalplus.com\/french\/wp-json\/wp\/v2\/users\/4"}],"replies":[{"embeddable":true,"href":"https:\/\/nepalplus.com\/french\/wp-json\/wp\/v2\/comments?post=3205"}],"version-history":[{"count":9,"href":"https:\/\/nepalplus.com\/french\/wp-json\/wp\/v2\/posts\/3205\/revisions"}],"predecessor-version":[{"id":3213,"href":"https:\/\/nepalplus.com\/french\/wp-json\/wp\/v2\/posts\/3205\/revisions\/3213"}],"wp:featuredmedia":[{"embeddable":true,"href":"https:\/\/nepalplus.com\/french\/wp-json\/wp\/v2\/media\/3217"}],"wp:attachment":[{"href":"https:\/\/nepalplus.com\/french\/wp-json\/wp\/v2\/media?parent=3205"}],"wp:term":[{"taxonomy":"category","embeddable":true,"href":"https:\/\/nepalplus.com\/french\/wp-json\/wp\/v2\/categories?post=3205"},{"taxonomy":"post_tag","embeddable":true,"href":"https:\/\/nepalplus.com\/french\/wp-json\/wp\/v2\/tags?post=3205"}],"curies":[{"name":"wp","href":"https:\/\/api.w.org\/{rel}","templated":true}]}}