{"id":326,"date":"2013-05-27T14:13:43","date_gmt":"2013-05-27T14:13:43","guid":{"rendered":"http:\/\/nepalplus.com\/french\/?p=326"},"modified":"2014-07-26T17:29:24","modified_gmt":"2014-07-26T17:29:24","slug":"pics-%e2%80%93-les-60-ans-de-tous-les-records-pour-l%e2%80%99everest","status":"publish","type":"post","link":"https:\/\/nepalplus.com\/french\/content\/326.html","title":{"rendered":"PICS \u2013 Les 60 ans de tous les records pour l\u2019Everest"},"content":{"rendered":"<p><a href=\"http:\/\/nepalplus.com\/french\/wp-content\/uploads\/2014\/07\/Everest-et-sommets-voisins.jpg\"><img decoding=\"async\" loading=\"lazy\" class=\"aligncenter size-full wp-image-327\" title=\"Everest-et-sommets-voisins\" src=\"http:\/\/nepalplus.com\/french\/wp-content\/uploads\/2014\/07\/Everest-et-sommets-voisins.jpg\" alt=\"\" width=\"448\" height=\"336\" srcset=\"https:\/\/nepalplus.com\/french\/wp-content\/uploads\/2014\/07\/Everest-et-sommets-voisins.jpg 1024w, https:\/\/nepalplus.com\/french\/wp-content\/uploads\/2014\/07\/Everest-et-sommets-voisins-300x225.jpg 300w, https:\/\/nepalplus.com\/french\/wp-content\/uploads\/2014\/07\/Everest-et-sommets-voisins-170x127.jpg 170w\" sizes=\"(max-width: 448px) 100vw, 448px\" \/><\/a><\/p>\n<p>Il y aura soixante ans cette semaine, le 29 mai 1953, le N\u00e9o-Z\u00e9landais Edmund Hillary et le sherpa n\u00e9palais Tenzing Norgay r\u00e9alisaient la premi\u00e8re ascension homologu\u00e9e de l&#8217;Everest. Si l&#8217;histoire n&#8217;a retenu que leurs seuls noms, l&#8217;exp\u00e9dition avait pourtant mobilis\u00e9 plus de\u00a0trois cents\u00a0personnes pendant deux mois, afin notamment d&#8217;acheminer quelque 8 tonnes de mat\u00e9riel. Ce qui fait dire au guide n\u00e9o-z\u00e9landais de haute montagne Russell Brice qu&#8217;Edmund Hillary<em> &#8220;a \u00e9t\u00e9 le premier client guid\u00e9 sur l&#8217;Everest&#8221;<\/em>, rapporte l&#8217;AFP.\u00a0Le duo ouvrait en tout cas la voie \u00e0 des milliers d&#8217;alpinistes vers le Toit du monde&#8230; devenu aujourd&#8217;hui le symbole d&#8217;une montagne souffrant d&#8217;un tourisme de masse.<!--more--><\/p>\n<p>Le 60<sup>e <\/sup>anniversaire de cette ascension historique est d&#8217;ailleurs l&#8217;occasion d&#8217;un engouement exceptionnel dans l&#8217;Himalaya, pris d&#8217;assaut par des centaines d&#8217;alpinistes chevronn\u00e9s ou amateurs, cr\u00e9ant au passage des\u00a0<a href=\"http:\/\/www.guardian.co.uk\/world\/2013\/may\/22\/everest-climbers-queue-60th-anniversary-conquest\" target=\"_blank\">embouteillages au sommet<\/a>. Ils sont\u00a0cinq cents\u00a0\u00e0 avoir r\u00e9ussi cette ann\u00e9e cet exploit (qui n&#8217;en est donc plus toujours un), dont\u00a0<a href=\"http:\/\/www.lemonde.fr\/japon\/article\/2013\/05\/23\/un-octogenaire-nippon-gravit-l-everest_3415706_1492975.html\" target=\"_blank\">un octog\u00e9naire japonais sacr\u00e9 personne la plus \u00e2g\u00e9e \u00e0 y parvenir<\/a>,\u00a0<a href=\"http:\/\/www.courrierinternational.com\/depeche\/newsmlmmd.0558e009beeb7b29f02410484d1760c0.271.xml\" target=\"_blank\">la premi\u00e8re Saoudienne<\/a> ou encore\u00a0<a href=\"http:\/\/www.guardian.co.uk\/world\/2013\/may\/22\/first-female-amputee-scales-everest\" target=\"_blank\">une unijambiste indienne<\/a>. De nombreux autres devraient leur succ\u00e9der dans les jours \u00e0 venir, mai \u00e9tant e mois le plus propice \u00e0 l&#8217;ascension, avant la saison de la mousson.<\/p>\n<p><a href=\"http:\/\/nepalplus.com\/french\/wp-content\/uploads\/2014\/07\/Yuichiro-Miura.jpg\"><img decoding=\"async\" loading=\"lazy\" class=\"aligncenter size-full wp-image-329\" title=\"Yuichiro Miura,\" src=\"http:\/\/nepalplus.com\/french\/wp-content\/uploads\/2014\/07\/Yuichiro-Miura.jpg\" alt=\"\" width=\"448\" height=\"288\" srcset=\"https:\/\/nepalplus.com\/french\/wp-content\/uploads\/2014\/07\/Yuichiro-Miura.jpg 500w, https:\/\/nepalplus.com\/french\/wp-content\/uploads\/2014\/07\/Yuichiro-Miura-300x193.jpg 300w, https:\/\/nepalplus.com\/french\/wp-content\/uploads\/2014\/07\/Yuichiro-Miura-170x109.jpg 170w\" sizes=\"(max-width: 448px) 100vw, 448px\" \/><\/a><\/p>\n<p><strong>(Yuichiro Miura, 80 ans, apr\u00e8s son ascension de l&#8217;Everest, le 26 mai 2013.(AFP PHOTO\/ Prakash MATHEMA)<\/strong><\/p>\n<p>Une affluence qui r\u00e9jouit autant qu&#8217;elle inqui\u00e8te les gardiens de la montagne. L&#8217;alpinisme himalayen est une ressource \u00e9conomique importante pour le N\u00e9pal, reconna\u00eet ainsi Tashi Tenzing, le petit-fils du l\u00e9gendaire sherpa, mais la pr\u00e9servation des sommets et de leur \u00e9cosyst\u00e8me est tout aussi cruciale, selon lui.\u00a0<em>&#8220;Je pense aussi que le 60<sup>e<\/sup> anniversaire est l&#8217;occasion de m\u00e9diter sur la montagne et sur ce que nous lui avons fait<\/em><em>&#8220;<\/em>, estime-t-il. Les multiples c\u00e9l\u00e9brations s&#8217;accompagneront d&#8217;ailleurs\u00a0d&#8217;une campagne de nettoyage sur les flancs de l&#8217;Everest, encombr\u00e9s de d\u00e9tritus.<\/p>\n<p>Le temps de ces c\u00e9l\u00e9brations est aussi quelque peu assombri par la\u00a0<a href=\"http:\/\/www.lemonde.fr\/international\/article\/2013\/05\/06\/pic-de-frayeur-a-everestland_3171992_3210.html\"><strong>violente dispute au sommet <\/strong><\/a>qui a eu lieu, au d\u00e9but de\u00a0mai, entre des alpinistes \u00e9trangers et des sherpas. L&#8217;incident s&#8217;expliquerait \u00e0 la fois par des rivalit\u00e9s et des tensions financi\u00e8res entre les deux communaut\u00e9s.<\/p>\n<p>&gt;\u00a0<strong>Pour tout conna\u00eetre de l&#8217;Everest<\/strong>,\u00a0<em>The Independent<\/em> s&#8217;est amus\u00e9 \u00e0 lister\u00a0<strong><a href=\"http:\/\/www.independent.co.uk\/environment\/nature\/conquering-everest-60-facts-about-the-worlds-tallest-mountain-8632372.html\" target=\"_blank\">soixante informations cl\u00e9s et anecdotes<\/a> <\/strong>\u00e0 l&#8217;occasion de cet anniversaire (o\u00f9 l&#8217;on apprend notamment qu&#8217;un permis de grimper d\u00e9livr\u00e9 par le gouvernement n\u00e9palais peut co\u00fbter jusqu&#8217;\u00e0 20 000 euros, qu&#8217;un grimpeur perd en moyenne 20 000 calories le jour de la mont\u00e9e au sommet ou qu&#8217;un couple s&#8217;est mari\u00e9 pour la premi\u00e8re fois sur\u00a0la &#8220;D\u00e9esse m\u00e8re\u00a0du monde&#8221;,\u00a0<em>Chomo Lungma<\/em>, en tib\u00e9tain,\u00a0en 2005).<\/p>\n<p>&gt;\u00a0<strong>Pour permettre d&#8217;explorer l&#8217;Everest devant son \u00e9cran<\/strong> et sensibiliser \u00e0 la fonte des glaciers de l\u2019Himalaya,\u00a0l&#8217;alpiniste et r\u00e9alisateur David Breashears a r\u00e9alis\u00e9 une photographie panoramique et interactive\u00a0de tr\u00e8s haute d\u00e9finition, \u00e0 consulter\u00a0<a href=\"http:\/\/www.glacierworks.org\/the-glaciers\/pumori-spring-2012\/\" target=\"_blank\">ici<\/a>.<\/p>\n<p><strong>Source- http:\/\/bigbrowser.blog.lemonde.fr\/2013\/05\/27\/pics-les-60-ans-de-tous-les-records-pour-leverest\/<\/strong><\/p>\n","protected":false},"excerpt":{"rendered":"<p>Il y aura soixante ans cette semaine, le 29 mai 1953, le N\u00e9o-Z\u00e9landais Edmund Hillary et le sherpa n\u00e9palais Tenzing Norgay r\u00e9alisaient la premi\u00e8re ascension homologu\u00e9e de l&#8217;Everest. Si l&#8217;histoire n&#8217;a retenu que leurs seuls noms, l&#8217;exp\u00e9dition avait pourtant mobilis\u00e9 plus de\u00a0trois cents\u00a0personnes pendant deux mois, afin notamment d&#8217;acheminer quelque 8 tonnes de mat\u00e9riel. Ce [&hellip;]<\/p>\n","protected":false},"author":4,"featured_media":0,"comment_status":"open","ping_status":"open","sticky":false,"template":"","format":"standard","meta":[],"categories":[22],"tags":[],"_links":{"self":[{"href":"https:\/\/nepalplus.com\/french\/wp-json\/wp\/v2\/posts\/326"}],"collection":[{"href":"https:\/\/nepalplus.com\/french\/wp-json\/wp\/v2\/posts"}],"about":[{"href":"https:\/\/nepalplus.com\/french\/wp-json\/wp\/v2\/types\/post"}],"author":[{"embeddable":true,"href":"https:\/\/nepalplus.com\/french\/wp-json\/wp\/v2\/users\/4"}],"replies":[{"embeddable":true,"href":"https:\/\/nepalplus.com\/french\/wp-json\/wp\/v2\/comments?post=326"}],"version-history":[{"count":6,"href":"https:\/\/nepalplus.com\/french\/wp-json\/wp\/v2\/posts\/326\/revisions"}],"predecessor-version":[{"id":333,"href":"https:\/\/nepalplus.com\/french\/wp-json\/wp\/v2\/posts\/326\/revisions\/333"}],"wp:attachment":[{"href":"https:\/\/nepalplus.com\/french\/wp-json\/wp\/v2\/media?parent=326"}],"wp:term":[{"taxonomy":"category","embeddable":true,"href":"https:\/\/nepalplus.com\/french\/wp-json\/wp\/v2\/categories?post=326"},{"taxonomy":"post_tag","embeddable":true,"href":"https:\/\/nepalplus.com\/french\/wp-json\/wp\/v2\/tags?post=326"}],"curies":[{"name":"wp","href":"https:\/\/api.w.org\/{rel}","templated":true}]}}