{"id":609,"date":"2014-08-18T11:32:00","date_gmt":"2014-08-18T11:32:00","guid":{"rendered":"http:\/\/nepalplus.com\/french\/?p=609"},"modified":"2014-09-26T11:36:05","modified_gmt":"2014-09-26T11:36:05","slug":"himalaya-leverest-mesure-bien-8-848-metres","status":"publish","type":"post","link":"https:\/\/nepalplus.com\/french\/content\/609.html","title":{"rendered":"Himalaya : l&#8217;Everest mesure bien 8 848 m\u00e8tres"},"content":{"rendered":"<p><a href=\"http:\/\/nepalplus.com\/french\/wp-content\/uploads\/2014\/09\/everest-mountain.jpg\"><img decoding=\"async\" loading=\"lazy\" class=\"aligncenter size-full wp-image-610\" src=\"http:\/\/nepalplus.com\/french\/wp-content\/uploads\/2014\/09\/everest-mountain.jpg\" alt=\"everest-mountain\" width=\"448\" height=\"289\" srcset=\"https:\/\/nepalplus.com\/french\/wp-content\/uploads\/2014\/09\/everest-mountain.jpg 900w, https:\/\/nepalplus.com\/french\/wp-content\/uploads\/2014\/09\/everest-mountain-300x194.jpg 300w, https:\/\/nepalplus.com\/french\/wp-content\/uploads\/2014\/09\/everest-mountain-170x109.jpg 170w\" sizes=\"(max-width: 448px) 100vw, 448px\" \/><\/a><\/p>\n<p>Les autorit\u00e9s chinoises et n\u00e9palaises viennent de s&#8217;accorder sur un probl\u00e8me vieux de dizaines d&#8217;ann\u00e9es. Elles n&#8217;\u00e9taient pas d&#8217;accord sur l&#8217;altitude du plus haut sommet du monde, le mont Everest, situ\u00e9 dans la cha\u00eene de l&#8217;Himalaya \u00e0 la fronti\u00e8re entre le N\u00e9pal et la Chine. Elles viennent de d\u00e9cr\u00e9ter qu&#8217;il culminait bien \u00e0 8 848 m\u00e8tres.<!--more--><\/p>\n<p><a href=\"http:\/\/nepalplus.com\/french\/wp-content\/uploads\/2014\/09\/everest-graphic.jpg\"><img decoding=\"async\" loading=\"lazy\" class=\"aligncenter size-full wp-image-611\" src=\"http:\/\/nepalplus.com\/french\/wp-content\/uploads\/2014\/09\/everest-graphic.jpg\" alt=\"everest-graphic\" width=\"448\" height=\"272\" srcset=\"https:\/\/nepalplus.com\/french\/wp-content\/uploads\/2014\/09\/everest-graphic.jpg 900w, https:\/\/nepalplus.com\/french\/wp-content\/uploads\/2014\/09\/everest-graphic-300x182.jpg 300w, https:\/\/nepalplus.com\/french\/wp-content\/uploads\/2014\/09\/everest-graphic-170x103.jpg 170w\" sizes=\"(max-width: 448px) 100vw, 448px\" \/><\/a><\/p>\n<p>C&#8217;est finalement la version du N\u00e9pal qui a \u00e9t\u00e9 choisi lors d&#8217;une rencontre bilat\u00e9rale \u00e0 Katmandou.<\/p>\n<p>Cependant, le N\u00e9pal a accept\u00e9 de reconna\u00eetre que la hauteur rocheuse \u00e9tait de 8 844,43 m, conform\u00e9ment \u00e0 la version chinoise.<\/p>\n<p>Les deux pays se disputaient la hauteur exacte de l&#8217;Everest depuis en 1856.<\/p>\n<p><strong>(Par la r\u00e9daction, publi\u00e9 le 8 Avril 2010.)<\/strong><\/p>\n","protected":false},"excerpt":{"rendered":"<p>Les autorit\u00e9s chinoises et n\u00e9palaises viennent de s&#8217;accorder sur un probl\u00e8me vieux de dizaines d&#8217;ann\u00e9es. Elles n&#8217;\u00e9taient pas d&#8217;accord sur l&#8217;altitude du plus haut sommet du monde, le mont Everest, situ\u00e9 dans la cha\u00eene de l&#8217;Himalaya \u00e0 la fronti\u00e8re entre le N\u00e9pal et la Chine. Elles viennent de d\u00e9cr\u00e9ter qu&#8217;il culminait bien \u00e0 8 848 [&hellip;]<\/p>\n","protected":false},"author":4,"featured_media":0,"comment_status":"open","ping_status":"open","sticky":false,"template":"","format":"standard","meta":[],"categories":[22,13],"tags":[],"_links":{"self":[{"href":"https:\/\/nepalplus.com\/french\/wp-json\/wp\/v2\/posts\/609"}],"collection":[{"href":"https:\/\/nepalplus.com\/french\/wp-json\/wp\/v2\/posts"}],"about":[{"href":"https:\/\/nepalplus.com\/french\/wp-json\/wp\/v2\/types\/post"}],"author":[{"embeddable":true,"href":"https:\/\/nepalplus.com\/french\/wp-json\/wp\/v2\/users\/4"}],"replies":[{"embeddable":true,"href":"https:\/\/nepalplus.com\/french\/wp-json\/wp\/v2\/comments?post=609"}],"version-history":[{"count":2,"href":"https:\/\/nepalplus.com\/french\/wp-json\/wp\/v2\/posts\/609\/revisions"}],"predecessor-version":[{"id":613,"href":"https:\/\/nepalplus.com\/french\/wp-json\/wp\/v2\/posts\/609\/revisions\/613"}],"wp:attachment":[{"href":"https:\/\/nepalplus.com\/french\/wp-json\/wp\/v2\/media?parent=609"}],"wp:term":[{"taxonomy":"category","embeddable":true,"href":"https:\/\/nepalplus.com\/french\/wp-json\/wp\/v2\/categories?post=609"},{"taxonomy":"post_tag","embeddable":true,"href":"https:\/\/nepalplus.com\/french\/wp-json\/wp\/v2\/tags?post=609"}],"curies":[{"name":"wp","href":"https:\/\/api.w.org\/{rel}","templated":true}]}}